{"id":3317,"date":"2021-11-30T11:14:51","date_gmt":"2021-11-30T11:14:51","guid":{"rendered":"https:\/\/www.masdelesvinyes.com\/?p=3317"},"modified":"2021-11-30T11:14:51","modified_gmt":"2021-11-30T11:14:51","slug":"mas-de-les-vinyes-a-la-fira-de-loli-de-santa-barbara-2021","status":"publish","type":"post","link":"https:\/\/www.masdelesvinyes.com\/es\/2021\/11\/mas-de-les-vinyes-a-la-fira-de-loli-de-santa-barbara-2021\/","title":{"rendered":"Mas de les Vinyes en la Fira de l&#8217;Oli de Santa B\u00e0rbara 2021"},"content":{"rendered":"<p><img loading=\"lazy\" decoding=\"async\" class=\"aligncenter size-full wp-image-3318\" src=\"https:\/\/www.masdelesvinyes.com\/wp-content\/uploads\/2021\/11\/fira-doli-de-santa-barbara-1.jpg\" alt=\"\" width=\"940\" height=\"788\" srcset=\"https:\/\/www.masdelesvinyes.com\/wp-content\/uploads\/2021\/11\/fira-doli-de-santa-barbara-1.jpg 940w, https:\/\/www.masdelesvinyes.com\/wp-content\/uploads\/2021\/11\/fira-doli-de-santa-barbara-1-300x251.jpg 300w, https:\/\/www.masdelesvinyes.com\/wp-content\/uploads\/2021\/11\/fira-doli-de-santa-barbara-1-150x126.jpg 150w, https:\/\/www.masdelesvinyes.com\/wp-content\/uploads\/2021\/11\/fira-doli-de-santa-barbara-1-768x644.jpg 768w\" sizes=\"auto, (max-width: 940px) 100vw, 940px\" \/><\/p>\n<h2>Mas de les Vinyes en la Fira de l&#8217;Oli de Santa B\u00e0rbara 2021<\/h2>\n<p>Los d\u00edas 26, 27 y 28 de noviembre hemos vuelto a disfrutar con una de las ferias gastron\u00f3micas m\u00e1s representativas del Montsi\u00e0.<\/p>\n<p>En esta edici\u00f3n hemos vuelto a la Fira de l&#8217;Oli de Santa B\u00e1rbara para ofrecer todas nuestras propuestas: Mas de les Vinyes Blanc, Mas de les Vinyes Negre, Mas de les Vinyes Crianza, Rac\u00f3 d&#8217;Atans, Tracai Mocador Negre i Traca i Mocador Blanc, recientemente galardonado con 91 puntos en la Gu\u00eda Pe\u00f1in, como uno de los mejores vinos de Espa\u00f1a.<\/p>\n<p>Han sido 3 d\u00edas intensos entre aromas de aceite, c\u00edtricos y propuestas gastron\u00f3micas de proximidad.<\/p>\n<blockquote><p>Encantados de volver. Josep Borr\u00e0s. Mas de les Vinyes.<\/p><\/blockquote>\n<p><img loading=\"lazy\" decoding=\"async\" class=\"aligncenter size-large wp-image-3321\" src=\"https:\/\/www.masdelesvinyes.com\/wp-content\/uploads\/2021\/11\/Fira-de-loli-de-Santa-Barbara-Celler-Mas-de-les-Vinyes-1024x1024.jpg\" alt=\"\" width=\"600\" height=\"600\" srcset=\"https:\/\/www.masdelesvinyes.com\/wp-content\/uploads\/2021\/11\/Fira-de-loli-de-Santa-Barbara-Celler-Mas-de-les-Vinyes-1024x1024.jpg 1024w, https:\/\/www.masdelesvinyes.com\/wp-content\/uploads\/2021\/11\/Fira-de-loli-de-Santa-Barbara-Celler-Mas-de-les-Vinyes-300x300.jpg 300w, https:\/\/www.masdelesvinyes.com\/wp-content\/uploads\/2021\/11\/Fira-de-loli-de-Santa-Barbara-Celler-Mas-de-les-Vinyes-150x150.jpg 150w, https:\/\/www.masdelesvinyes.com\/wp-content\/uploads\/2021\/11\/Fira-de-loli-de-Santa-Barbara-Celler-Mas-de-les-Vinyes-768x768.jpg 768w, https:\/\/www.masdelesvinyes.com\/wp-content\/uploads\/2021\/11\/Fira-de-loli-de-Santa-Barbara-Celler-Mas-de-les-Vinyes.jpg 1080w\" sizes=\"auto, (max-width: 600px) 100vw, 600px\" \/><\/p>\n","protected":false},"excerpt":{"rendered":"<p>Mas de les Vinyes en la Fira de l&#8217;Oli de Santa B\u00e0rbara 2021 Los d\u00edas 26, 27 y 28 de noviembre hemos vuelto a disfrutar con una de las ferias gastron\u00f3micas m\u00e1s representativas del Montsi\u00e0. En esta edici\u00f3n hemos vuelto a la Fira de l&#8217;Oli de Santa<\/p>\n","protected":false},"author":5,"featured_media":3320,"comment_status":"closed","ping_status":"closed","sticky":false,"template":"","format":"standard","meta":{"footnotes":""},"categories":[39],"tags":[392,391],"class_list":["post-3317","post","type-post","status-publish","format-standard","has-post-thumbnail","hentry","category-fira-de-vins-es","tag-fira-de-loli-de-santa-barbara-es-2","tag-fires-de-catalunya-es"],"_links":{"self":[{"href":"https:\/\/www.masdelesvinyes.com\/es\/wp-json\/wp\/v2\/posts\/3317","targetHints":{"allow":["GET"]}}],"collection":[{"href":"https:\/\/www.masdelesvinyes.com\/es\/wp-json\/wp\/v2\/posts"}],"about":[{"href":"https:\/\/www.masdelesvinyes.com\/es\/wp-json\/wp\/v2\/types\/post"}],"author":[{"embeddable":true,"href":"https:\/\/www.masdelesvinyes.com\/es\/wp-json\/wp\/v2\/users\/5"}],"replies":[{"embeddable":true,"href":"https:\/\/www.masdelesvinyes.com\/es\/wp-json\/wp\/v2\/comments?post=3317"}],"version-history":[{"count":2,"href":"https:\/\/www.masdelesvinyes.com\/es\/wp-json\/wp\/v2\/posts\/3317\/revisions"}],"predecessor-version":[{"id":3326,"href":"https:\/\/www.masdelesvinyes.com\/es\/wp-json\/wp\/v2\/posts\/3317\/revisions\/3326"}],"wp:featuredmedia":[{"embeddable":true,"href":"https:\/\/www.masdelesvinyes.com\/es\/wp-json\/wp\/v2\/media\/3320"}],"wp:attachment":[{"href":"https:\/\/www.masdelesvinyes.com\/es\/wp-json\/wp\/v2\/media?parent=3317"}],"wp:term":[{"taxonomy":"category","embeddable":true,"href":"https:\/\/www.masdelesvinyes.com\/es\/wp-json\/wp\/v2\/categories?post=3317"},{"taxonomy":"post_tag","embeddable":true,"href":"https:\/\/www.masdelesvinyes.com\/es\/wp-json\/wp\/v2\/tags?post=3317"}],"curies":[{"name":"wp","href":"https:\/\/api.w.org\/{rel}","templated":true}]}}