{"id":1320,"date":"2016-09-29T16:01:44","date_gmt":"2016-09-29T16:01:44","guid":{"rendered":"http:\/\/www.masdelesvinyes.com\/2016\/09\/tast-de-vins-priorat-2\/"},"modified":"2016-10-03T16:31:57","modified_gmt":"2016-10-03T16:31:57","slug":"tast-de-vins-priorat","status":"publish","type":"post","link":"https:\/\/www.masdelesvinyes.com\/es\/2016\/09\/tast-de-vins-priorat\/","title":{"rendered":"Tast de Traca i Mocador al Cor del Priorat"},"content":{"rendered":"<p><img loading=\"lazy\" decoding=\"async\" class=\"aligncenter wp-image-1317 size-full\" style=\"color: #333333;\" src=\"http:\/\/www.masdelesvinyes.com\/wp-content\/uploads\/2016\/10\/tast-traca-i-mocador.jpg\" alt=\"Tast de Vins al Priorat\" width=\"1020\" height=\"808\" srcset=\"https:\/\/www.masdelesvinyes.com\/wp-content\/uploads\/2016\/10\/tast-traca-i-mocador.jpg 1020w, https:\/\/www.masdelesvinyes.com\/wp-content\/uploads\/2016\/10\/tast-traca-i-mocador-300x238.jpg 300w\" sizes=\"auto, (max-width: 1020px) 100vw, 1020px\" \/><\/p>\n<h1><span style=\"color: #ff0000;\">Tast de Traca i Mocador al Cor del Priorat<\/span><\/h1>\n<p>El proper Diumenge 9 d&#8217;Octubre al migdia, organitzem un Tast de <a href=\"http:\/\/www.masdelesvinyes.com\/vins-do-montsant\/traca-i-mocador-blanc-do-montsant\/\">#TracaiMocador <\/a>a la <a class=\"profileLink\" href=\"http:\/\/www.facebook.com\/Vinateria-del-Boli-494714474022560\/\" data-hovercard=\"\/ajax\/hovercard\/page.php?id=494714474022560\">Vinateria del Boli<\/a> de Scala Dei, al cor del <strong>Priorat<\/strong>.<br \/>\nEs tracta del primer tast que fem dedicat exclusivament al projecte Traca i Mocador i \u00e9s tot un plaer poder-lo presentar al ben mig de la Comarca del Priorat en una poblaci\u00f3 tan arrelada al vi com \u00e9s <strong>Scala Dei<\/strong>.<\/p>\n<p>El tast \u00e9s totalment obert, no obstant podeu <strong>reservar el Tast de Traca i Mocador<\/strong> a :<br \/>\nVinateria del Boli<br \/>\nCarrer Mitja Galta 28, SCALA DEI<br \/>\n977 82 71 94<br \/>\nEns Veiem!<br \/>\nHorari<\/p>\n<ul>\n<li>Diumenge, 9 d&#8217;Octubre. 11-14h<\/li>\n<\/ul>\n<p>&nbsp;<\/p>\n<h1 style=\"text-align: center;\"><span style=\"color: #ff0000;\"><br \/>\n<\/span><\/h1>\n<h1 style=\"text-align: center;\"><span style=\"color: #ff0000;\">DESCOBRIU ELS NOSTRES VINS DO MONTSANT<\/span><\/h1>\n<p>&nbsp;<\/p>\n<p style=\"text-align: center;\"><div class=\"two_third\">\n<iframe loading=\"lazy\" src=\"\/\/www.youtube.com\/embed\/YIAMKM-yeRc?rel=0\" width=\"600\" height=\"315\" frameborder=\"0\" allowfullscreen=\"allowfullscreen\"><\/iframe><br \/>\n<\/div>\n<div class=\"one_third last_column\">\n<a href=\"http:\/\/www.masdelesvinyes.com\/do-montsant\/\"><img loading=\"lazy\" decoding=\"async\" class=\"aligncenter size-full wp-image-104\" title=\"Vns Montsant\" src=\"http:\/\/www.masdelesvinyes.com\/wp-content\/uploads\/2014\/02\/do_montsant.jpg\" alt=\"vins do_montsant\" width=\"191\" height=\"50\" \/><\/a><\/p>\n<div style=\"margin-top: 20px; color: #fff; text-align: right; font-size: 20px; font-style: italic;\">\u00abMas de les Vinyes. Experiencia, juventud, tradici\u00f3n, modernidad. Un vino, un estilo de vida.\u00bb<\/div>\n<\/div>\n<div class=\"divider\"><\/div>\n<div class=\"one_third\">\n<p style=\"text-align: center;\"><a href=\"http:\/\/www.masdelesvinyes.com\/es\/vinos-do-montsant\/vino-blanco-montsant-do-montsant\/\"><img loading=\"lazy\" decoding=\"async\" class=\"aligncenter\" title=\"vi-blanc-montsant-do-montsant\" src=\"http:\/\/www.masdelesvinyes.com\/wp-content\/uploads\/2014\/01\/vinos-blancos-do-montsant.jpg\" alt=\"vi-blanc-montsant-do-montsant\" width=\"150\" height=\"90\" \/><\/a><\/p>\n<p style=\"text-align: center;\"><a href=\"http:\/\/www.masdelesvinyes.com\/es\/vinos-do-montsant\/vino-blanco-montsant-do-montsant\/\"><img loading=\"lazy\" decoding=\"async\" class=\"aligncenter\" title=\"vi-blanc-montsant-do-montsant\" src=\"http:\/\/www.masdelesvinyes.com\/wp-content\/uploads\/2014\/03\/VI-BLANC-DO-MONTSANT.jpg\" alt=\"vi-blanc-montsant-do-montsant\" width=\"150\" height=\"700\" \/><\/a><\/p>\n<\/div>\n<div class=\"one_third\">\n<p style=\"text-align: center;\"><a href=\"http:\/\/www.masdelesvinyes.com\/es\/vinos-do-montsant\/vino-tinto-montsant-do-montsant\/\"><img loading=\"lazy\" decoding=\"async\" class=\"aligncenter\" title=\"vi-negre-do-montsant\" src=\"http:\/\/www.masdelesvinyes.com\/wp-content\/uploads\/2014\/01\/vino-tinto-do-montsant.jpg\" alt=\"vi-negre-do-montsant\/\" width=\"150\" height=\"90\" \/><\/a><\/p>\n<p style=\"text-align: center;\"><a href=\"http:\/\/www.masdelesvinyes.com\/es\/vinos-do-montsant\/vino-tinto-montsant-do-montsant\/\"><img loading=\"lazy\" decoding=\"async\" class=\"aligncenter\" title=\"vi-negre-do-montsant\" src=\"http:\/\/www.masdelesvinyes.com\/wp-content\/uploads\/2014\/03\/VI-negre-DO-MONTSANT.png\" alt=\"vi-negre-do-montsant\" width=\"150\" height=\"700\" \/><\/a><\/p>\n<\/div>\n<div class=\"one_third last_column\">\n<p><a href=\"http:\/\/www.masdelesvinyes.com\/es\/vinos-do-montsant\/vi-montsant-vi-negre-crianca-do-montsant\/\"><img loading=\"lazy\" decoding=\"async\" class=\"aligncenter wp-image-284 size-full\" src=\"http:\/\/www.masdelesvinyes.com\/wp-content\/uploads\/2014\/03\/vi-montsant-crian\u00e7a.jpg\" alt=\"vi-montsant-crian\u00e7a\" width=\"150\" height=\"90\" \/><\/a><\/p>\n<p style=\"text-align: center;\"><a href=\"http:\/\/www.masdelesvinyes.com\/es\/vinos-do-montsant\/vi-montsant-vi-negre-crianca-do-montsant\/\"><img loading=\"lazy\" decoding=\"async\" class=\"aligncenter\" title=\"vi-montsant-vi-negre-crianca-do-montsant\" src=\"http:\/\/www.masdelesvinyes.com\/wp-content\/uploads\/2014\/03\/vi-montsant-vi-negre-crian\u00e7a-do-montsant1.png\" alt=\"vi-montsant-vi-negre-crianca-do-montsant\" width=\"150\" height=\"700\" \/><\/a><br \/>\n<\/div>\n<div class=\"divider\"><\/div>\n<a href=\"http:\/\/www.masdelesvinyes.com\/es\/vinos-do-montsant\/traca-i-mocador-do-montsant\/\"><img loading=\"lazy\" decoding=\"async\" class=\"aligncenter\" src=\"http:\/\/www.masdelesvinyes.com\/wp-content\/uploads\/2015\/04\/TRACA-I-MOCADOR-DO-MONTSANT-es.jpg\" alt=\"TRACA-I-MOCADOR-DO-MONTSANT-CELLER-MAS-DE-LES-VINYES\" width=\"794\" height=\"302\" \/><\/a><br \/>\n<div class=\"divider\"><\/div>\n<div class=\"divider\"><\/div>\n<div class=\"divider\"><\/div>\n<p style=\"text-align: center;\"><div class=\"one_half\">\n<p style=\"text-align: center;\"><a href=\"http:\/\/www.masdelesvinyes.com\/es\/vinos-do-montsant\/vi-crianca-negre-do-montsant\/\"><img loading=\"lazy\" decoding=\"async\" class=\"aligncenter wp-image-297 size-full\" title=\"vi-montsant-reserva\" src=\"http:\/\/www.masdelesvinyes.com\/wp-content\/uploads\/2014\/03\/vi-montsant-reserva.jpg\" alt=\"vi-montsant-reserva\" width=\"300\" height=\"180\" \/><\/a><\/p>\n<p style=\"text-align: center;\"><a href=\"http:\/\/www.masdelesvinyes.com\/es\/vinos-do-montsant\/vi-crianca-negre-do-montsant\/\"><img loading=\"lazy\" decoding=\"async\" class=\"aligncenter wp-image-459 size-full\" src=\"http:\/\/www.masdelesvinyes.com\/wp-content\/uploads\/2014\/04\/vi-montsant-crian\u00e7a.jpg\" alt=\"vi-montsant-crian\u00e7a\" width=\"300\" height=\"419\" srcset=\"https:\/\/www.masdelesvinyes.com\/wp-content\/uploads\/2014\/04\/vi-montsant-crian\u00e7a.jpg 300w, https:\/\/www.masdelesvinyes.com\/wp-content\/uploads\/2014\/04\/vi-montsant-crian\u00e7a-214x300.jpg 214w\" sizes=\"auto, (max-width: 300px) 100vw, 300px\" \/><\/a><br \/>\n<\/div>\n<div class=\"one_half last_column\">\n<a href=\"http:\/\/www.masdelesvinyes.com\/es\/vinos-do-montsant\/vinos-crianza-do-montsant\/\"><img loading=\"lazy\" decoding=\"async\" class=\"aligncenter\" title=\"vi-montsant-crianca-do-montsant\" src=\"http:\/\/www.masdelesvinyes.com\/wp-content\/uploads\/2014\/04\/vi-negre-MONTSANT-crian\u00e7a-Raco-datans.jpg\" alt=\"vi-montsant-crianca-do-montsant\" width=\"300\" height=\"420\" \/><\/a><br \/>\n<a href=\"http:\/\/www.masdelesvinyes.com\/es\/vinos-do-montsant\/vinos-crianza-do-montsant\/\"><img loading=\"lazy\" decoding=\"async\" class=\"aligncenter\" title=\"vi-montsant-crianca-do-montsan\" src=\"http:\/\/www.masdelesvinyes.com\/wp-content\/uploads\/2014\/02\/vinoS-RESERVA-do-montsant.jpg\" alt=\"vi-montsant-crianca-do-montsan\" width=\"300\" height=\"180\" \/><\/a><br \/>\n<\/div>\n","protected":false},"excerpt":{"rendered":"<p>Tast de Traca i Mocador al Cor del Priorat El proper Diumenge 9 d&#8217;Octubre al migdia, organitzem un Tast de #TracaiMocador a la Vinateria del Boli de Scala Dei, al cor del Priorat. Es tracta del primer tast que fem dedicat exclusivament al projecte Traca i Mocador<\/p>\n","protected":false},"author":5,"featured_media":1317,"comment_status":"closed","ping_status":"closed","sticky":false,"template":"","format":"standard","meta":{"footnotes":""},"categories":[42,80,126,64,43,37,93],"tags":[186],"class_list":["post-1320","post","type-post","status-publish","format-standard","has-post-thumbnail","hentry","category-enoturisme-es","category-tast-de-vins-es","category-traca-i-mocador-es","category-vins-del-priorat-es","category-vinos-montsant-es","category-vins-do-montsant-es","category-vins-montsant-mas-de-les-vinyes-es","tag-tast-de-vins-al-priorat-es"],"_links":{"self":[{"href":"https:\/\/www.masdelesvinyes.com\/es\/wp-json\/wp\/v2\/posts\/1320","targetHints":{"allow":["GET"]}}],"collection":[{"href":"https:\/\/www.masdelesvinyes.com\/es\/wp-json\/wp\/v2\/posts"}],"about":[{"href":"https:\/\/www.masdelesvinyes.com\/es\/wp-json\/wp\/v2\/types\/post"}],"author":[{"embeddable":true,"href":"https:\/\/www.masdelesvinyes.com\/es\/wp-json\/wp\/v2\/users\/5"}],"replies":[{"embeddable":true,"href":"https:\/\/www.masdelesvinyes.com\/es\/wp-json\/wp\/v2\/comments?post=1320"}],"version-history":[{"count":1,"href":"https:\/\/www.masdelesvinyes.com\/es\/wp-json\/wp\/v2\/posts\/1320\/revisions"}],"predecessor-version":[{"id":1341,"href":"https:\/\/www.masdelesvinyes.com\/es\/wp-json\/wp\/v2\/posts\/1320\/revisions\/1341"}],"wp:featuredmedia":[{"embeddable":true,"href":"https:\/\/www.masdelesvinyes.com\/es\/wp-json\/wp\/v2\/media\/1317"}],"wp:attachment":[{"href":"https:\/\/www.masdelesvinyes.com\/es\/wp-json\/wp\/v2\/media?parent=1320"}],"wp:term":[{"taxonomy":"category","embeddable":true,"href":"https:\/\/www.masdelesvinyes.com\/es\/wp-json\/wp\/v2\/categories?post=1320"},{"taxonomy":"post_tag","embeddable":true,"href":"https:\/\/www.masdelesvinyes.com\/es\/wp-json\/wp\/v2\/tags?post=1320"}],"curies":[{"name":"wp","href":"https:\/\/api.w.org\/{rel}","templated":true}]}}