{"id":1293,"date":"2016-06-02T13:22:15","date_gmt":"2016-06-02T13:22:15","guid":{"rendered":"http:\/\/www.masdelesvinyes.com\/2016\/06\/reus-viu-el-vi-2016-2\/"},"modified":"2016-06-02T13:22:15","modified_gmt":"2016-06-02T13:22:15","slug":"reus-viu-el-vi-2016","status":"publish","type":"post","link":"https:\/\/www.masdelesvinyes.com\/es\/2016\/06\/reus-viu-el-vi-2016\/","title":{"rendered":"Reus Viu el Vi 2016"},"content":{"rendered":"<p><a href=\"http:\/\/www.masdelesvinyes.com\/wp-content\/uploads\/2016\/06\/copes.png\" rel=\"wp-prettyPhoto[1293]\" data-rel=\"lightbox-image-0\" data-rl_title=\"\" data-rl_caption=\"\" title=\"\"><img loading=\"lazy\" decoding=\"async\" class=\"aligncenter wp-image-1271\" style=\"color: #333333;\" src=\"http:\/\/www.masdelesvinyes.com\/wp-content\/uploads\/2016\/06\/REUS-VIU-EL-VI-2016-MAS-DE-LES-VINYES.jpg\" alt=\"REUS VIU EL VI 2016 - MAS DE LES VINYES\" width=\"674\" height=\"503\" srcset=\"https:\/\/www.masdelesvinyes.com\/wp-content\/uploads\/2016\/06\/REUS-VIU-EL-VI-2016-MAS-DE-LES-VINYES.jpg 2592w, https:\/\/www.masdelesvinyes.com\/wp-content\/uploads\/2016\/06\/REUS-VIU-EL-VI-2016-MAS-DE-LES-VINYES-300x224.jpg 300w, https:\/\/www.masdelesvinyes.com\/wp-content\/uploads\/2016\/06\/REUS-VIU-EL-VI-2016-MAS-DE-LES-VINYES-1024x765.jpg 1024w\" sizes=\"auto, (max-width: 674px) 100vw, 674px\" \/><\/a><\/p>\n<h1><span style=\"color: #ff0000;\">REUS VIU EL VI 2016<\/span><\/h1>\n<h2><em><span style=\"color: #ff0000;\"><a href=\"http:\/\/www.masdelesvinyes.com\/wp-content\/uploads\/2016\/06\/reus-viu-el-vi-ostras-2016.gif\" rel=\"wp-prettyPhoto[1293]\" data-rel=\"lightbox-image-1\" data-rl_title=\"\" data-rl_caption=\"\" title=\"\"><br \/>\n<\/a><\/span><\/em><em><span style=\"color: #ff0000;\">\u00abLA REUS VIU EL VI\u00bb<\/span><\/em><\/h2>\n<pre>8a Fira de les DO de la demarcaci\u00f3 de la Cambra de Reus - 3a Internacional<\/pre>\n<p><strong>Reus Viu el Vi<\/strong> se celebra els propers 3,4 i 5\u00a0de Juny \u00a0a Reus amb\u00a0una nova oportunitat de gaudir les noves anyades dels nostres <strong>Vins Montsant<\/strong> DO<\/p>\n<p class=\"text-faded\">\u00abDel 3 al 5 de juny la <strong>REUS VIU EL VI<\/strong> tornar\u00e0 a descobrir-vos els millors cellers de les Denominacions d&#8217;Origen de l&#8217;\u00e0mbit territorial de la Cambra de Comer\u00e7, Ind\u00fastria i Navegaci\u00f3 de Reus. Un certamen que enguany arriba a la vuitena edici\u00f3 amb voluntat de consolidar-se com el gran aparador dels cellers de casa nostra, ajudant a posicionar i prestigiar els magn\u00edfics vins que s\u2019elaboren al territori.<\/p>\n<p class=\"text-faded\">Enguany tenim el repte de superar les xifres de l\u2019any passat. Xifres de r\u00e8cord en una nova demostraci\u00f3 de la capacitat d&#8217;atracci\u00f3 del certamen. Ho posa de manifest la venda de pacs de tast que va superar les 11.000. Pel que fa a les degustacions de menjar se&#8217;n van servir prop de 31.000.<\/p>\n<p class=\"text-faded\">La Reus Viu el Vi mant\u00e9, per tercer any consecutiu, el seu car\u00e0cter internacional amb dos cellers francesos convidats. I tamb\u00e9, en el marc de relaci\u00f3 cordial amb la resta de DO catalanes, la invitaci\u00f3 a un celler del pa\u00eds.<\/p>\n<p>Font: <a href=\"http:\/\/www.reusviuelvi.cat\/2016\/\">http:\/\/www.reusviuelvi.cat\/2016\/<\/a><\/p>\n<div class=\"col-sm-6 col-md-4 text-left\">\n<h2>\u00a0Horari<\/h2>\n<ul>\n<li>Divendres 3\u00a0&#8211; 17:30 a 23:30 h<\/li>\n<li>Dissabte 4\u00a0&#8211; 12:00 a 14:30 h<br \/>\ni 17:30 a 23:30 h<\/li>\n<li>Diumenge 5\u00a0&#8211; 17:30 a 22:00 h<\/li>\n<\/ul>\n<\/div>\n<div class=\"col-sm-6 col-md-4 text-left\">\n<h2>\u00a0Lloc<\/h2>\n<ul>\n<li><a href=\"http:\/\/goo.gl\/maps\/MEAc8vsvk952\">Pla\u00e7a de la Llibertat, Reus<\/a><\/li>\n<\/ul>\n<p><img loading=\"lazy\" decoding=\"async\" class=\"aligncenter wp-image-1265\" src=\"http:\/\/www.masdelesvinyes.com\/wp-content\/uploads\/2016\/06\/Reus-Viu-el-Vi-2016.png\" alt=\"Reus Viu el Vi 2016\" width=\"627\" height=\"504\" srcset=\"https:\/\/www.masdelesvinyes.com\/wp-content\/uploads\/2016\/06\/Reus-Viu-el-Vi-2016.png 1020w, https:\/\/www.masdelesvinyes.com\/wp-content\/uploads\/2016\/06\/Reus-Viu-el-Vi-2016-300x241.png 300w\" sizes=\"auto, (max-width: 627px) 100vw, 627px\" \/><\/p>\n<\/div>\n<h1 style=\"text-align: center;\"><span style=\"color: #ff0000;\">US HI ESPEREM!<br \/>\n<\/span><\/h1>\n<h1 style=\"text-align: center;\"><span style=\"color: #ff0000;\">DESCOBRIU ELS NOSTRES VINS DO MONTSANT<\/span><\/h1>\n<p>&nbsp;<\/p>\n<p style=\"text-align: center;\"><div class=\"two_third\">\n<iframe loading=\"lazy\" src=\"\/\/www.youtube.com\/embed\/YIAMKM-yeRc?rel=0\" width=\"600\" height=\"315\" frameborder=\"0\" allowfullscreen=\"allowfullscreen\"><\/iframe><br \/>\n<\/div>\n<div class=\"one_third last_column\">\n<a href=\"http:\/\/www.masdelesvinyes.com\/do-montsant\/\"><img loading=\"lazy\" decoding=\"async\" class=\"aligncenter size-full wp-image-104\" title=\"Vns Montsant\" src=\"http:\/\/www.masdelesvinyes.com\/wp-content\/uploads\/2014\/02\/do_montsant.jpg\" alt=\"vins do_montsant\" width=\"191\" height=\"50\" \/><\/a><\/p>\n<div style=\"margin-top: 20px; color: #fff; text-align: right; font-size: 20px; font-style: italic;\">\u00abMas de les Vinyes. Experiencia, juventud, tradici\u00f3n, modernidad. Un vino, un estilo de vida.\u00bb<\/div>\n<\/div>\n<div class=\"divider\"><\/div>\n<div class=\"one_third\">\n<p style=\"text-align: center;\"><a href=\"http:\/\/www.masdelesvinyes.com\/es\/vinos-do-montsant\/vino-blanco-montsant-do-montsant\/\"><img loading=\"lazy\" decoding=\"async\" class=\"aligncenter\" title=\"vi-blanc-montsant-do-montsant\" src=\"http:\/\/www.masdelesvinyes.com\/wp-content\/uploads\/2014\/01\/vinos-blancos-do-montsant.jpg\" alt=\"vi-blanc-montsant-do-montsant\" width=\"150\" height=\"90\" \/><\/a><\/p>\n<p style=\"text-align: center;\"><a href=\"http:\/\/www.masdelesvinyes.com\/es\/vinos-do-montsant\/vino-blanco-montsant-do-montsant\/\"><img loading=\"lazy\" decoding=\"async\" class=\"aligncenter\" title=\"vi-blanc-montsant-do-montsant\" src=\"http:\/\/www.masdelesvinyes.com\/wp-content\/uploads\/2014\/03\/VI-BLANC-DO-MONTSANT.jpg\" alt=\"vi-blanc-montsant-do-montsant\" width=\"150\" height=\"700\" \/><\/a><\/p>\n<\/div>\n<div class=\"one_third\">\n<p style=\"text-align: center;\"><a href=\"http:\/\/www.masdelesvinyes.com\/es\/vinos-do-montsant\/vino-tinto-montsant-do-montsant\/\"><img loading=\"lazy\" decoding=\"async\" class=\"aligncenter\" title=\"vi-negre-do-montsant\" src=\"http:\/\/www.masdelesvinyes.com\/wp-content\/uploads\/2014\/01\/vino-tinto-do-montsant.jpg\" alt=\"vi-negre-do-montsant\/\" width=\"150\" height=\"90\" \/><\/a><\/p>\n<p style=\"text-align: center;\"><a href=\"http:\/\/www.masdelesvinyes.com\/es\/vinos-do-montsant\/vino-tinto-montsant-do-montsant\/\"><img loading=\"lazy\" decoding=\"async\" class=\"aligncenter\" title=\"vi-negre-do-montsant\" src=\"http:\/\/www.masdelesvinyes.com\/wp-content\/uploads\/2014\/03\/VI-negre-DO-MONTSANT.png\" alt=\"vi-negre-do-montsant\" width=\"150\" height=\"700\" \/><\/a><\/p>\n<\/div>\n<div class=\"one_third last_column\">\n<p><a href=\"http:\/\/www.masdelesvinyes.com\/es\/vinos-do-montsant\/vi-montsant-vi-negre-crianca-do-montsant\/\"><img loading=\"lazy\" decoding=\"async\" class=\"aligncenter wp-image-284 size-full\" src=\"http:\/\/www.masdelesvinyes.com\/wp-content\/uploads\/2014\/03\/vi-montsant-crian\u00e7a.jpg\" alt=\"vi-montsant-crian\u00e7a\" width=\"150\" height=\"90\" \/><\/a><\/p>\n<p style=\"text-align: center;\"><a href=\"http:\/\/www.masdelesvinyes.com\/es\/vinos-do-montsant\/vi-montsant-vi-negre-crianca-do-montsant\/\"><img loading=\"lazy\" decoding=\"async\" class=\"aligncenter\" title=\"vi-montsant-vi-negre-crianca-do-montsant\" src=\"http:\/\/www.masdelesvinyes.com\/wp-content\/uploads\/2014\/03\/vi-montsant-vi-negre-crian\u00e7a-do-montsant1.png\" alt=\"vi-montsant-vi-negre-crianca-do-montsant\" width=\"150\" height=\"700\" \/><\/a><br \/>\n<\/div>\n<div class=\"divider\"><\/div>\n<a href=\"http:\/\/www.masdelesvinyes.com\/es\/vinos-do-montsant\/traca-i-mocador-do-montsant\/\"><img loading=\"lazy\" decoding=\"async\" class=\"aligncenter\" src=\"http:\/\/www.masdelesvinyes.com\/wp-content\/uploads\/2015\/04\/TRACA-I-MOCADOR-DO-MONTSANT-es.jpg\" alt=\"TRACA-I-MOCADOR-DO-MONTSANT-CELLER-MAS-DE-LES-VINYES\" width=\"794\" height=\"302\" \/><\/a><br \/>\n<div class=\"divider\"><\/div>\n<p style=\"text-align: center;\"><div class=\"one_half\">\n<p style=\"text-align: center;\"><a href=\"http:\/\/www.masdelesvinyes.com\/es\/vinos-do-montsant\/vi-crianca-negre-do-montsant\/\"><img loading=\"lazy\" decoding=\"async\" class=\"aligncenter wp-image-297 size-full\" title=\"vi-montsant-reserva\" src=\"http:\/\/www.masdelesvinyes.com\/wp-content\/uploads\/2014\/03\/vi-montsant-reserva.jpg\" alt=\"vi-montsant-reserva\" width=\"300\" height=\"180\" \/><\/a><\/p>\n<p style=\"text-align: center;\"><a href=\"http:\/\/www.masdelesvinyes.com\/es\/vinos-do-montsant\/vi-crianca-negre-do-montsant\/\"><img loading=\"lazy\" decoding=\"async\" class=\"aligncenter wp-image-459 size-full\" src=\"http:\/\/www.masdelesvinyes.com\/wp-content\/uploads\/2014\/04\/vi-montsant-crian\u00e7a.jpg\" alt=\"vi-montsant-crian\u00e7a\" width=\"300\" height=\"419\" srcset=\"https:\/\/www.masdelesvinyes.com\/wp-content\/uploads\/2014\/04\/vi-montsant-crian\u00e7a.jpg 300w, https:\/\/www.masdelesvinyes.com\/wp-content\/uploads\/2014\/04\/vi-montsant-crian\u00e7a-214x300.jpg 214w\" sizes=\"auto, (max-width: 300px) 100vw, 300px\" \/><\/a><br \/>\n<\/div>\n<div class=\"one_half last_column\">\n<a href=\"http:\/\/www.masdelesvinyes.com\/es\/vinos-do-montsant\/vinos-crianza-do-montsant\/\"><img loading=\"lazy\" decoding=\"async\" class=\"aligncenter\" title=\"vi-montsant-crianca-do-montsant\" src=\"http:\/\/www.masdelesvinyes.com\/wp-content\/uploads\/2014\/04\/vi-negre-MONTSANT-crian\u00e7a-Raco-datans.jpg\" alt=\"vi-montsant-crianca-do-montsant\" width=\"300\" height=\"420\" \/><\/a><br \/>\n<a href=\"http:\/\/www.masdelesvinyes.com\/es\/vinos-do-montsant\/vinos-crianza-do-montsant\/\"><img loading=\"lazy\" decoding=\"async\" class=\"aligncenter\" title=\"vi-montsant-crianca-do-montsan\" src=\"http:\/\/www.masdelesvinyes.com\/wp-content\/uploads\/2014\/02\/vinoS-RESERVA-do-montsant.jpg\" alt=\"vi-montsant-crianca-do-montsan\" width=\"300\" height=\"180\" \/><\/a><br \/>\n<\/div>\n","protected":false},"excerpt":{"rendered":"<p>REUS VIU EL VI 2016 \u00abLA REUS VIU EL VI\u00bb 8a Fira de les DO de la demarcaci\u00f3 de la Cambra de Reus &#8211; 3a Internacional Reus Viu el Vi se celebra els propers 3,4 i 5\u00a0de Juny \u00a0a Reus amb\u00a0una nova oportunitat de gaudir les noves<\/p>\n","protected":false},"author":5,"featured_media":1271,"comment_status":"closed","ping_status":"closed","sticky":false,"template":"","format":"standard","meta":{"footnotes":""},"categories":[42,39,40,41,38,57,58,64,43,37,93],"tags":[179,178],"class_list":["post-1293","post","type-post","status-publish","format-standard","has-post-thumbnail","hentry","category-enoturisme-es","category-fira-de-vins-es","category-fira-de-vins-catalunya-es","category-fires-catalunya-cap-de-setmana-es","category-fires-gastronomiques-catalunya-es","category-que-fer-cap-de-setmana-catalunya-es","category-turisme-gastronomic-es","category-vins-del-priorat-es","category-vinos-montsant-es","category-vins-do-montsant-es","category-vins-montsant-mas-de-les-vinyes-es","tag-la-reus-viu-el-vi-es","tag-reus-viu-el-vi-es"],"_links":{"self":[{"href":"https:\/\/www.masdelesvinyes.com\/es\/wp-json\/wp\/v2\/posts\/1293","targetHints":{"allow":["GET"]}}],"collection":[{"href":"https:\/\/www.masdelesvinyes.com\/es\/wp-json\/wp\/v2\/posts"}],"about":[{"href":"https:\/\/www.masdelesvinyes.com\/es\/wp-json\/wp\/v2\/types\/post"}],"author":[{"embeddable":true,"href":"https:\/\/www.masdelesvinyes.com\/es\/wp-json\/wp\/v2\/users\/5"}],"replies":[{"embeddable":true,"href":"https:\/\/www.masdelesvinyes.com\/es\/wp-json\/wp\/v2\/comments?post=1293"}],"version-history":[{"count":0,"href":"https:\/\/www.masdelesvinyes.com\/es\/wp-json\/wp\/v2\/posts\/1293\/revisions"}],"wp:featuredmedia":[{"embeddable":true,"href":"https:\/\/www.masdelesvinyes.com\/es\/wp-json\/wp\/v2\/media\/1271"}],"wp:attachment":[{"href":"https:\/\/www.masdelesvinyes.com\/es\/wp-json\/wp\/v2\/media?parent=1293"}],"wp:term":[{"taxonomy":"category","embeddable":true,"href":"https:\/\/www.masdelesvinyes.com\/es\/wp-json\/wp\/v2\/categories?post=1293"},{"taxonomy":"post_tag","embeddable":true,"href":"https:\/\/www.masdelesvinyes.com\/es\/wp-json\/wp\/v2\/tags?post=1293"}],"curies":[{"name":"wp","href":"https:\/\/api.w.org\/{rel}","templated":true}]}}