{"id":1256,"date":"2016-04-28T07:59:09","date_gmt":"2016-04-28T07:59:09","guid":{"rendered":"http:\/\/www.masdelesvinyes.com\/2016\/04\/fira-del-vi-de-falset-2016-2\/"},"modified":"2016-04-28T08:11:11","modified_gmt":"2016-04-28T08:11:11","slug":"fira-del-vi-de-falset-2016","status":"publish","type":"post","link":"https:\/\/www.masdelesvinyes.com\/es\/2016\/04\/fira-del-vi-de-falset-2016\/","title":{"rendered":"Fira del Vi de Falset 2016"},"content":{"rendered":"<h1><span style=\"color: #ff0000;\">Fira del Vi de Falset 2016<\/span><\/h1>\n<p>Los pr\u00f3ximos 30 de Abril y 1 de Mayo tendr\u00e1 lugar la Feria de Vinos <strong>Fira del Vi de Falset<\/strong>, en Falset, Comarca del Priorat.<br \/>\nTendr\u00e1 la oportunidad \u00fanica de disfrutar la <strong>Feria de Vinos<\/strong> con la representaci\u00f3n m\u00e1s extensa de <strong>Bodegas<\/strong> que producen los <strong>Vinos del Priorat<\/strong> con las dos denominaciones de origen m\u00e1s representativas de la Comarca: <strong>DO Montsant y DOQ Priorat<\/strong>.<\/p>\n<p>Venga a la <strong>Fira de Falset<\/strong> y deguste los\u00a0<strong>Vinos DO Montsant \u00a0Mas de les Vinyes.<\/strong><br \/>\n<a href=\"http:\/\/www.masdelesvinyes.com\/wp-content\/uploads\/2016\/04\/11178260_10150508184654950_5711405337539326734_n.jpg\" rel=\"wp-prettyPhoto[1256]\" data-rel=\"lightbox-image-0\" data-rl_title=\"\" data-rl_caption=\"\" title=\"\"><img loading=\"lazy\" decoding=\"async\" class=\"aligncenter wp-image-1249\" src=\"http:\/\/www.masdelesvinyes.com\/wp-content\/uploads\/2016\/04\/11178260_10150508184654950_5711405337539326734_n-300x225.jpg\" alt=\"Fira del Vi de Falset \" width=\"552\" height=\"414\" srcset=\"https:\/\/www.masdelesvinyes.com\/wp-content\/uploads\/2016\/04\/11178260_10150508184654950_5711405337539326734_n-300x225.jpg 300w, https:\/\/www.masdelesvinyes.com\/wp-content\/uploads\/2016\/04\/11178260_10150508184654950_5711405337539326734_n.jpg 852w\" sizes=\"auto, (max-width: 552px) 100vw, 552px\" \/><\/a><\/p>\n<p><a href=\"http:\/\/www.masdelesvinyes.com\/wp-content\/uploads\/2014\/01\/tienda-de-vinos-online.jpg\" rel=\"wp-prettyPhoto[1256]\" data-rel=\"lightbox-image-1\" data-rl_title=\"\" data-rl_caption=\"\" title=\"\"><img loading=\"lazy\" decoding=\"async\" class=\"aligncenter wp-image-12\" src=\"http:\/\/www.masdelesvinyes.com\/wp-content\/uploads\/2014\/01\/tienda-de-vinos-online-300x130.jpg\" alt=\"tienda de vinos online\" width=\"551\" height=\"239\" srcset=\"https:\/\/www.masdelesvinyes.com\/wp-content\/uploads\/2014\/01\/tienda-de-vinos-online-300x130.jpg 300w, https:\/\/www.masdelesvinyes.com\/wp-content\/uploads\/2014\/01\/tienda-de-vinos-online-1024x446.jpg 1024w\" sizes=\"auto, (max-width: 551px) 100vw, 551px\" \/><\/a><\/p>\n<p><a href=\"http:\/\/www.masdelesvinyes.com\/wp-content\/uploads\/2016\/04\/Fira-del-Vi-20161.png\" rel=\"wp-prettyPhoto[1256]\" data-rel=\"lightbox-image-2\" data-rl_title=\"\" data-rl_caption=\"\" title=\"\"><img loading=\"lazy\" decoding=\"async\" class=\"aligncenter wp-image-1251\" src=\"http:\/\/www.masdelesvinyes.com\/wp-content\/uploads\/2016\/04\/Fira-del-Vi-20161.png\" alt=\"Fira del Vi de Falset\" width=\"500\" height=\"703\" srcset=\"https:\/\/www.masdelesvinyes.com\/wp-content\/uploads\/2016\/04\/Fira-del-Vi-20161.png 449w, https:\/\/www.masdelesvinyes.com\/wp-content\/uploads\/2016\/04\/Fira-del-Vi-20161-213x300.png 213w\" sizes=\"auto, (max-width: 500px) 100vw, 500px\" \/><\/a><\/p>\n<p>&nbsp;<\/p>\n<p>&nbsp;<\/p>\n","protected":false},"excerpt":{"rendered":"<p>Fira del Vi de Falset 2016 Los pr\u00f3ximos 30 de Abril y 1 de Mayo tendr\u00e1 lugar la Feria de Vinos Fira del Vi de Falset, en Falset, Comarca del Priorat. Tendr\u00e1 la oportunidad \u00fanica de disfrutar la Feria de Vinos con la representaci\u00f3n m\u00e1s extensa de<\/p>\n","protected":false},"author":5,"featured_media":1248,"comment_status":"closed","ping_status":"closed","sticky":false,"template":"","format":"standard","meta":{"footnotes":""},"categories":[42,39,40,41,57,58,64,37,93],"tags":[172,173,54],"class_list":["post-1256","post","type-post","status-publish","format-standard","has-post-thumbnail","hentry","category-enoturisme-es","category-fira-de-vins-es","category-fira-de-vins-catalunya-es","category-fires-catalunya-cap-de-setmana-es","category-que-fer-cap-de-setmana-catalunya-es","category-turisme-gastronomic-es","category-vins-del-priorat-es","category-vins-do-montsant-es","category-vins-montsant-mas-de-les-vinyes-es","tag-fira-del-vi-de-falset-es","tag-vins-del-priorat-es","tag-vins-montsant-es"],"_links":{"self":[{"href":"https:\/\/www.masdelesvinyes.com\/es\/wp-json\/wp\/v2\/posts\/1256","targetHints":{"allow":["GET"]}}],"collection":[{"href":"https:\/\/www.masdelesvinyes.com\/es\/wp-json\/wp\/v2\/posts"}],"about":[{"href":"https:\/\/www.masdelesvinyes.com\/es\/wp-json\/wp\/v2\/types\/post"}],"author":[{"embeddable":true,"href":"https:\/\/www.masdelesvinyes.com\/es\/wp-json\/wp\/v2\/users\/5"}],"replies":[{"embeddable":true,"href":"https:\/\/www.masdelesvinyes.com\/es\/wp-json\/wp\/v2\/comments?post=1256"}],"version-history":[{"count":3,"href":"https:\/\/www.masdelesvinyes.com\/es\/wp-json\/wp\/v2\/posts\/1256\/revisions"}],"predecessor-version":[{"id":1262,"href":"https:\/\/www.masdelesvinyes.com\/es\/wp-json\/wp\/v2\/posts\/1256\/revisions\/1262"}],"wp:featuredmedia":[{"embeddable":true,"href":"https:\/\/www.masdelesvinyes.com\/es\/wp-json\/wp\/v2\/media\/1248"}],"wp:attachment":[{"href":"https:\/\/www.masdelesvinyes.com\/es\/wp-json\/wp\/v2\/media?parent=1256"}],"wp:term":[{"taxonomy":"category","embeddable":true,"href":"https:\/\/www.masdelesvinyes.com\/es\/wp-json\/wp\/v2\/categories?post=1256"},{"taxonomy":"post_tag","embeddable":true,"href":"https:\/\/www.masdelesvinyes.com\/es\/wp-json\/wp\/v2\/tags?post=1256"}],"curies":[{"name":"wp","href":"https:\/\/api.w.org\/{rel}","templated":true}]}}