{"id":1242,"date":"2016-03-22T10:11:50","date_gmt":"2016-03-22T10:11:50","guid":{"rendered":"http:\/\/www.masdelesvinyes.com\/2016\/03\/mas-de-les-vinyes-crianca-es-el-vi-del-centenari-de-la-lira-ampostina-2\/"},"modified":"2016-03-22T10:30:36","modified_gmt":"2016-03-22T10:30:36","slug":"mas-de-les-vinyes-crianca-es-el-vi-del-centenari-de-la-lira-ampostina","status":"publish","type":"post","link":"https:\/\/www.masdelesvinyes.com\/es\/2016\/03\/mas-de-les-vinyes-crianca-es-el-vi-del-centenari-de-la-lira-ampostina\/","title":{"rendered":"Mas de Les Vinyes Crian\u00e7a \u00e9s el Vi del Centenari de la Lira Ampostina"},"content":{"rendered":"<p><a href=\"http:\/\/www.masdelesvinyes.com\/wp-content\/uploads\/2016\/03\/Vino-montsant-crianza-mas-de-les-vinyes.jpg\" rel=\"wp-prettyPhoto[1242]\" data-rel=\"lightbox-image-0\" data-rl_title=\"\" data-rl_caption=\"\" title=\"\"><img loading=\"lazy\" decoding=\"async\" class=\"aligncenter size-large wp-image-1227\" src=\"http:\/\/www.masdelesvinyes.com\/wp-content\/uploads\/2016\/03\/Vino-montsant-crianza-mas-de-les-vinyes-1024x763.jpg\" alt=\"Vino montsant crianza Mas de les Vinyes\" width=\"600\" height=\"447\" srcset=\"https:\/\/www.masdelesvinyes.com\/wp-content\/uploads\/2016\/03\/Vino-montsant-crianza-mas-de-les-vinyes-1024x763.jpg 1024w, https:\/\/www.masdelesvinyes.com\/wp-content\/uploads\/2016\/03\/Vino-montsant-crianza-mas-de-les-vinyes-300x223.jpg 300w, https:\/\/www.masdelesvinyes.com\/wp-content\/uploads\/2016\/03\/Vino-montsant-crianza-mas-de-les-vinyes.jpg 1410w\" sizes=\"auto, (max-width: 600px) 100vw, 600px\" \/><\/a><\/p>\n<p>&nbsp;<\/p>\n<h1><span style=\"color: #ff0000;\">Mas de Les Vinyes Crian\u00e7a \u00e9s el Vi del Centenari de la Lira Ampostina<\/span><\/h1>\n<p><img loading=\"lazy\" decoding=\"async\" class=\"wp-image-1228 alignleft\" src=\"http:\/\/www.masdelesvinyes.com\/wp-content\/uploads\/2016\/03\/Vino-montsant-crianza-mas-de-les-vinyes-Lira-Ampostina-102x300.jpg\" alt=\"Vino montsant crianza mas de les vinyes-Lira Ampostina\" width=\"160\" height=\"471\" \/>El 14 de Febrer v\u00e0rem presentar a Amposta el <strong>Vi del Centenari de La Lira Ampostina<\/strong>.<br \/>\nMas de les Vinyes hem tingut l&#8217;honor de participar d&#8217;aquest esdeveniment amb el nostre <strong>Vi Monsant Crian\u00e7a 2011<\/strong>. Amb\u00a0un etiquetatge especial per aquesta<strong> edici\u00f3 limitada<\/strong> vam pensar que el Vi Crian\u00e7a 2011 podria representar la traject\u00f2ria de la Lira Ampostina, ja que es tracta d&#8217;un Vi amb temps, i fusta, i alhora un Vi que encara tindr\u00e0 una evoluci\u00f3 en botella.<\/p>\n<p><img loading=\"lazy\" decoding=\"async\" class=\"alignnone size-full wp-image-284\" src=\"http:\/\/www.masdelesvinyes.com\/wp-content\/uploads\/2014\/03\/vi-montsant-crian\u00e7a.jpg\" alt=\"vi-montsant-crian\u00e7a\" width=\"150\" height=\"90\" \/><a href=\"http:\/\/www.masdelesvinyes.com\/wp-content\/uploads\/2014\/02\/do_montsant.jpg\" rel=\"wp-prettyPhoto[1242]\" data-rel=\"lightbox-image-1\" data-rl_title=\"\" data-rl_caption=\"\" title=\"\"><img loading=\"lazy\" decoding=\"async\" class=\"alignnone wp-image-104\" src=\"http:\/\/www.masdelesvinyes.com\/wp-content\/uploads\/2014\/02\/do_montsant.jpg\" alt=\"Vinos DO Montsant\" width=\"155\" height=\"41\" \/><\/a><\/p>\n<p>Tal com expliquem \u00a0a la nota de cata,\u00a0aquest<strong>\u00a0Vi Negre Crian\u00e7a Do Montsant\u00a0<\/strong>\u00e9s un vi de present i de\u00a0<strong>Futur<\/strong>. Destaca la seva\u00a0<strong>For\u00e7a<\/strong>\u00a0i\u00a0<strong>Complexitat gr\u00e0cies al pas per b\u00f3ta<\/strong>. \u00c9s un vi amb molt de cam\u00ed per rec\u00f3rrer i alhora ideal per a\u00a0<strong>gaudir\u00a0<\/strong>en l&#8217;actualitat.<\/p>\n<p><strong><span style=\"color: #ff0000;\">En Josep ens explica el que trobarem en aquest Mas de les Vinyes Crian\u00e7a 2011 del Centenari de la Lira Ampostina.<\/span><\/strong><\/p>\n<p>&nbsp;<\/p>\n<p><iframe loading=\"lazy\" src=\"http:\/\/www.youtube.com\/embed\/EajhY0KGyAY\" width=\"556\" height=\"300\" frameborder=\"0\" allowfullscreen=\"allowfullscreen\"><\/iframe><br \/>\n<div class=\"divider\"><\/div>\n<h1><span style=\"color: #ff0000;\">MAS DE LES VINYES CRIAN\u00c7A 2011 &#8211; DO MONTSANT<\/span><\/h1>\n<div class=\"divider\"><\/div>\nAquest<strong> Vi Negre Crian\u00e7a Do Montsant\u00a0<\/strong>\u00e9s un vi de present i de <strong>Futur<\/strong>. Destaca la seva <strong>For\u00e7a<\/strong> i <strong>Complexitat gr\u00e0cies al pas per b\u00f3ta<\/strong>. \u00c9s un vi amb molt de cam\u00ed per rec\u00f3rrer i alhora ideal per a <strong>gaudir <\/strong>en l&#8217;actualitat.<br \/>\nMolt recomanable per acompanyar carns de vedella, formatges semi curats i curats, pat\u00e9s, i xocolata, que deixar\u00e0 en boca un fons de confitura de fruits vermells.<\/p>\n\n<table class=\"custom-table\"  class=\"custom-table\" summary=\"Sample Table\">\n<thead>\n<tr>\n<th scope=\"col\">Vi DO Montsant<\/th>\n<th scope=\"col\">Cupatge de les varietats<\/th>\n<th scope=\"col\">Nota de tast<\/th>\n<th scope=\"col\">Grau<\/th>\n<\/tr>\n<\/thead>\n<tbody>\n<tr>\n<td>Vi Negre Crian\u00e7a<\/td>\n<td>Cabernet Sauvignon, Garnatxa, Merlot, Syrah<\/td>\n<td>De color granat\u00f3s, trobem un ribet que ens trenca el color per fer-nos refer\u00e8ncia a l&#8217;any i la crian\u00e7a que t\u00e9. En nas \u00e9s b\u00e0sicament especiat i amb un fons de fruits vermells ben madurs. Una entrada en boca suau i un final amb els tanins de la fusta ben marcats.<\/td>\n<td>15,5\u00ba<\/td>\n<\/tr>\n<tr>\n<td><\/td>\n<td><\/td>\n<td><strong>\u00a0Crian\u00e7a: 10 mesos en b\u00f3tes de roure franc\u00e8s i americ\u00e0.<\/strong><\/td>\n<td><\/td>\n<\/tr>\n<tr>\n<td><\/td>\n<td><\/td>\n<td><strong>PVP:<\/strong><\/td>\n<td>8,26\u20ac<\/td>\n<\/tr>\n<\/tbody>\n<tfoot>\n<tr>\n<td colspan=\"4\">\n<p style=\"text-align: right;\">*Transport incl\u00f2s.<\/p>\n<p>Verema: Octubre<br \/>\nProducci\u00f3 anual: 10.000 Ampolles.<\/td>\n<\/tr>\n<\/tfoot>\n<\/table>\n\n<div class=\"clear\"><\/div>\n<div class=\"divider\"><\/div>\n<p style=\"text-align: center;\"><span style=\"font-size: 32px; color: #afcc08; line-height: 40px;\">&gt; Informaci\u00f3 i Comandes:<\/span><\/p>\n<p style=\"text-align: center;\"><span style=\"font-size: 32px; color: #afcc08; line-height: 40px;\">+652 568 848<\/span><br \/>\n<span style=\"color: #000000; font-size: 16px;\"><a title=\"vins do montsant\" href=\"mailto:josep@masdelesvinyes.com\"><span style=\"color: #000000; line-height: 24px; margin-right: 0px;\">josep@masdelesvinyes.com<\/span><\/a><\/span><\/p>\n<p style=\"text-align: center;\">\n<div class=\"wpcf7 no-js\" id=\"wpcf7-f149-o1\" lang=\"ca\" dir=\"ltr\" data-wpcf7-id=\"149\">\n<div class=\"screen-reader-response\"><p role=\"status\" aria-live=\"polite\" aria-atomic=\"true\"><\/p> <ul><\/ul><\/div>\n<form action=\"\/es\/wp-json\/wp\/v2\/posts\/1242#wpcf7-f149-o1\" method=\"post\" class=\"wpcf7-form init\" aria-label=\"Formulari de contacte\" novalidate=\"novalidate\" data-status=\"init\">\n<fieldset class=\"hidden-fields-container\"><input type=\"hidden\" name=\"_wpcf7\" value=\"149\" \/><input type=\"hidden\" name=\"_wpcf7_version\" value=\"6.1.5\" \/><input type=\"hidden\" name=\"_wpcf7_locale\" value=\"ca\" \/><input type=\"hidden\" name=\"_wpcf7_unit_tag\" value=\"wpcf7-f149-o1\" \/><input type=\"hidden\" name=\"_wpcf7_container_post\" value=\"0\" \/><input type=\"hidden\" name=\"_wpcf7_posted_data_hash\" value=\"\" \/><input type=\"hidden\" name=\"_wpcf7_recaptcha_response\" value=\"\" \/>\n<\/fieldset>\n<p>Nom(obligatori)\n<\/p>\n<p><span class=\"wpcf7-form-control-wrap\" data-name=\"your-name\"><input size=\"40\" maxlength=\"400\" class=\"wpcf7-form-control wpcf7-text wpcf7-validates-as-required\" aria-required=\"true\" aria-invalid=\"false\" value=\"\" type=\"text\" name=\"your-name\" \/><\/span>\n<\/p>\n<p>Email(obligatori)\n<\/p>\n<p><span class=\"wpcf7-form-control-wrap\" data-name=\"your-email\"><input size=\"40\" maxlength=\"400\" class=\"wpcf7-form-control wpcf7-email wpcf7-validates-as-required wpcf7-text wpcf7-validates-as-email\" aria-required=\"true\" aria-invalid=\"false\" value=\"\" type=\"email\" name=\"your-email\" \/><\/span>\n<\/p>\n<p>Tel\u00e8fon\n<\/p>\n<p><span class=\"wpcf7-form-control-wrap\" data-name=\"your-Telefon\"><input size=\"40\" maxlength=\"400\" class=\"wpcf7-form-control wpcf7-text\" aria-invalid=\"false\" value=\"\" type=\"text\" name=\"your-Telefon\" \/><\/span>\n<\/p>\n<p>Poblaci\u00f3\n<\/p>\n<p><span class=\"wpcf7-form-control-wrap\" data-name=\"Poblacio\"><input size=\"40\" maxlength=\"400\" class=\"wpcf7-form-control wpcf7-text wpcf7-validates-as-required\" aria-required=\"true\" aria-invalid=\"false\" value=\"\" type=\"text\" name=\"Poblacio\" \/><\/span>\n<\/p>\n<p>N\u00ba de caixes\n<\/p>\n<p><span class=\"wpcf7-form-control-wrap\" data-name=\"your-subject\"><input size=\"40\" maxlength=\"400\" class=\"wpcf7-form-control wpcf7-text\" aria-invalid=\"false\" value=\"\" type=\"text\" name=\"your-subject\" \/><\/span>\n<\/p>\n<p>Comentari\n<\/p>\n<p><span class=\"wpcf7-form-control-wrap\" data-name=\"your-message\"><textarea cols=\"40\" rows=\"10\" maxlength=\"2000\" class=\"wpcf7-form-control wpcf7-textarea\" aria-invalid=\"false\" name=\"your-message\"><\/textarea><\/span>\n<\/p>\n<p><span class=\"wpcf7-form-control-wrap\" data-name=\"Accepto_RGPD\"><span class=\"wpcf7-form-control wpcf7-acceptance\"><span class=\"wpcf7-list-item\"><input type=\"checkbox\" name=\"Accepto_RGPD\" value=\"1\" aria-invalid=\"false\" \/><\/span><\/span><\/span>Yo, l'Interessat, he llegit la <b>informaci\u00f3 b\u00e0sica sobre protecci\u00f3 de dades<\/b> i dono el meu consentiment expr\u00e8s pel tractament leg\u00edtim de les meves dades personals a Mas de les Vinyes.\n<\/p>\n\n<p><input class=\"wpcf7-form-control wpcf7-submit has-spinner\" type=\"submit\" value=\"FINALITZAR\" \/>\n<\/p>\n<div class=\"ln\">\n\t<p><b>INFORMACI\u00d3 B\u00c0SICA SOBRE PROTECCI\u00d3 DE DADES<\/b>\n\t<\/p>\n\t<p>De conformitat amb el Reglament (UE) 2016\/679, de 27 d'abril de 2016, relatiu a la protecci\u00f3 de les persones f\u00edsiques pel que fa al tractament de dades personals i a la lliure circulaci\u00f3 d'aquestes dades (RGPD) i la normativa en Protecci\u00f3 de Dades que correspongui, MAS DE LES VINYES informa:\n\t<\/p>\n\t<ul>\n\t\t<li>\n\t\t\t<p><b>Responsable del Tractament<\/b>: Mas de Les Vinyes\u00a0<a href=\"https:\/\/www.masdelesvinyes.com\/avis-legal-i-politica-de-privacitat\/\" target=\"_blank\">+ info<\/a>\n\t\t\t<\/p>\n\t\t<\/li>\n\t\t<li>\n\t\t\t<p><b>Finalitat<\/b>: Respondre a la seva petici\u00f3 \/ Subscripci\u00f3 i enviament d'informaci\u00f3 previ consentiment.\n\t\t\t<\/p>\n\t\t<\/li>\n\t\t<li>\n\t\t\t<p><b>Legitimaci\u00f3<\/b>: Consentiment expr\u00e9s de l'interessat.\n\t\t\t<\/p>\n\t\t<\/li>\n\t\t<li>\n\t\t\t<p><b>Destinataris<\/b>: No es cediran dades a tercers, excepte obligaci\u00f3 legal.<a href=\"https:\/\/www.masdelesvinyes.com\/avis-legal-i-politica-de-privacitat\/\" target=\"_blank\">+ info<\/a>\n\t\t\t<\/p>\n\t\t<\/li>\n\t\t<li>\n\t\t\t<p><b>Drets<\/b>: Accedir, rectificar i suprimir les dades, aix\u00ed com altres drets, com s'explica en la informaci\u00f3 addicional.\n\t\t\t<\/p>\n\t\t<\/li>\n\t\t<li>\n\t\t\t<p><b>M\u00e9s informaci\u00f3<\/b>: Pot consultar la informaci\u00f3 addicional i detallada sobre la nostra pol\u00edtica de Protecci\u00f3 de Dades a la nostra p\u00e0gina web <a href=\"https:\/\/www.masdelesvinyes.com\/avis-legal-i-politica-de-privacitat\/\" target=\"_blank\">+ info<\/a>\n\t\t\t<\/p>\n\t\t<\/li>\n\t<\/ul>\n<\/div><div class=\"wpcf7-response-output\" aria-hidden=\"true\"><\/div>\n<\/form>\n<\/div>\n\n","protected":false},"excerpt":{"rendered":"<p>&nbsp; Mas de Les Vinyes Crian\u00e7a \u00e9s el Vi del Centenari de la Lira Ampostina El 14 de Febrer v\u00e0rem presentar a Amposta el Vi del Centenari de La Lira Ampostina. Mas de les Vinyes hem tingut l&#8217;honor de participar d&#8217;aquest esdeveniment amb el nostre Vi Monsant<\/p>\n","protected":false},"author":5,"featured_media":1227,"comment_status":"closed","ping_status":"closed","sticky":false,"template":"","format":"standard","meta":{"footnotes":""},"categories":[74,64,43,37,93],"tags":[166,167,165],"class_list":["post-1242","post","type-post","status-publish","format-standard","has-post-thumbnail","hentry","category-comprar-vins-montsant-es","category-vins-del-priorat-es","category-vinos-montsant-es","category-vins-do-montsant-es","category-vins-montsant-mas-de-les-vinyes-es","tag-lira-ampostina-es","tag-vi-centenari-lira-ampostina-es","tag-vi-montsant-crianca-es"],"_links":{"self":[{"href":"https:\/\/www.masdelesvinyes.com\/es\/wp-json\/wp\/v2\/posts\/1242","targetHints":{"allow":["GET"]}}],"collection":[{"href":"https:\/\/www.masdelesvinyes.com\/es\/wp-json\/wp\/v2\/posts"}],"about":[{"href":"https:\/\/www.masdelesvinyes.com\/es\/wp-json\/wp\/v2\/types\/post"}],"author":[{"embeddable":true,"href":"https:\/\/www.masdelesvinyes.com\/es\/wp-json\/wp\/v2\/users\/5"}],"replies":[{"embeddable":true,"href":"https:\/\/www.masdelesvinyes.com\/es\/wp-json\/wp\/v2\/comments?post=1242"}],"version-history":[{"count":1,"href":"https:\/\/www.masdelesvinyes.com\/es\/wp-json\/wp\/v2\/posts\/1242\/revisions"}],"predecessor-version":[{"id":1244,"href":"https:\/\/www.masdelesvinyes.com\/es\/wp-json\/wp\/v2\/posts\/1242\/revisions\/1244"}],"wp:featuredmedia":[{"embeddable":true,"href":"https:\/\/www.masdelesvinyes.com\/es\/wp-json\/wp\/v2\/media\/1227"}],"wp:attachment":[{"href":"https:\/\/www.masdelesvinyes.com\/es\/wp-json\/wp\/v2\/media?parent=1242"}],"wp:term":[{"taxonomy":"category","embeddable":true,"href":"https:\/\/www.masdelesvinyes.com\/es\/wp-json\/wp\/v2\/categories?post=1242"},{"taxonomy":"post_tag","embeddable":true,"href":"https:\/\/www.masdelesvinyes.com\/es\/wp-json\/wp\/v2\/tags?post=1242"}],"curies":[{"name":"wp","href":"https:\/\/api.w.org\/{rel}","templated":true}]}}