{"id":1214,"date":"2015-11-05T18:53:58","date_gmt":"2015-11-05T18:53:58","guid":{"rendered":"http:\/\/www.masdelesvinyes.com\/?p=1214"},"modified":"2015-11-05T18:56:09","modified_gmt":"2015-11-05T18:56:09","slug":"raco-datans-a-les-jornades-del-bolet-del-sant-miquel-restaurant","status":"publish","type":"post","link":"https:\/\/www.masdelesvinyes.com\/es\/2015\/11\/raco-datans-a-les-jornades-del-bolet-del-sant-miquel-restaurant\/","title":{"rendered":"Rac\u00f3 d&#8217;Atans a Les Jornades del Bolet del Sant Miquel Restaurant"},"content":{"rendered":"<p><a href=\"http:\/\/www.masdelesvinyes.com\/wp-content\/uploads\/2015\/11\/vinos-montsant-crianza-Rac\u00f3-dAtans.jpg\" data-rel=\"lightbox-image-0\" data-rl_title=\"\" data-rl_caption=\"\" title=\"\"><img loading=\"lazy\" decoding=\"async\" class=\"aligncenter wp-image-1207\" src=\"http:\/\/www.masdelesvinyes.com\/wp-content\/uploads\/2015\/11\/vinos-montsant-crianza-Rac\u00f3-dAtans-300x225.jpg\" alt=\"vinos montsant crianza Rac\u00f3 d'Atans\" width=\"604\" height=\"453\" srcset=\"https:\/\/www.masdelesvinyes.com\/wp-content\/uploads\/2015\/11\/vinos-montsant-crianza-Rac\u00f3-dAtans-300x225.jpg 300w, https:\/\/www.masdelesvinyes.com\/wp-content\/uploads\/2015\/11\/vinos-montsant-crianza-Rac\u00f3-dAtans-1024x768.jpg 1024w\" sizes=\"auto, (max-width: 604px) 100vw, 604px\" \/><\/a><\/p>\n<div class=\"three_fourth last_column\">\n<h1><span style=\"color: #ff0000;\">Rac\u00f3 d&#8217;Atans a Les Jornades del Bolet del Sant Miquel Restaurant<\/span><\/h1>\n<div class=\"divider\"><\/div>\n<p>Els propers 15 i 16 de novembre el nostre<strong> Crian\u00e7a Rac\u00f2 d&#8217;Atans Montsant<\/strong> acompanya les<strong> Jornades de Bolets del <a href=\"http:\/\/www.santmiquelrestaurant.com\">Sant Miquel Restaurant<\/a> <\/strong>de Vall Romanes, provincia de Barcelona.<\/p>\n<p>\u00c9s tot un plaer per a nosaltres haver estat escollits per acompanyar aquest gustosos plats de tardor en homenatge als bolets.<\/p>\n<div class=\"_209g _2vxa\" data-block=\"true\" data-offset-key=\"2k7i8-0-0\" data-reactid=\".jz.1.0.1.$1.0.0.0.$editor0.0.0.$2k7i8\"><span data-offset-key=\"2k7i8-0-0\" data-reactid=\".jz.1.0.1.$1.0.0.0.$editor0.0.0.$2k7i8.0:$2k7i8-0-0\">\u00a0<\/span><\/div>\n<div class=\"_209g _2vxa\" data-block=\"true\" data-offset-key=\"5rov3-0-0\" data-reactid=\".jz.1.0.1.$1.0.0.0.$editor0.0.0.$5rov3\"><span data-offset-key=\"5rov3-0-0\" data-reactid=\".jz.1.0.1.$1.0.0.0.$editor0.0.0.$5rov3.0:$5rov3-0-0\"><span data-reactid=\".jz.1.0.1.$1.0.0.0.$editor0.0.0.$5rov3.0:$5rov3-0-0.0\">Info i Reserves:<\/span><\/span><\/div>\n<div class=\"_209g _2vxa\" data-block=\"true\" data-offset-key=\"bk4rk-0-0\" data-reactid=\".jz.1.0.1.$1.0.0.0.$editor0.0.0.$bk4rk\"><span data-offset-key=\"bk4rk-0-0\" data-reactid=\".jz.1.0.1.$1.0.0.0.$editor0.0.0.$bk4rk.0:$bk4rk-0-0\"><span data-reactid=\".jz.1.0.1.$1.0.0.0.$editor0.0.0.$bk4rk.0:$bk4rk-0-0.0\">Sant Miquel Restaurant<\/span><\/span><\/div>\n<div class=\"_209g _2vxa\" data-block=\"true\" data-offset-key=\"86plu-0-0\" data-reactid=\".jz.1.0.1.$1.0.0.0.$editor0.0.0.$86plu\"><span data-offset-key=\"86plu-0-0\" data-reactid=\".jz.1.0.1.$1.0.0.0.$editor0.0.0.$86plu.0:$86plu-0-0\"><span data-reactid=\".jz.1.0.1.$1.0.0.0.$editor0.0.0.$86plu.0:$86plu-0-0.0\">Pl. de l\u2019Esgl\u00e9sia 12<\/span><\/span><\/div>\n<div class=\"_209g _2vxa\" data-block=\"true\" data-offset-key=\"1ocq6-0-0\" data-reactid=\".jz.1.0.1.$1.0.0.0.$editor0.0.0.$1ocq6\"><span data-offset-key=\"1ocq6-0-0\" data-reactid=\".jz.1.0.1.$1.0.0.0.$editor0.0.0.$1ocq6.0:$1ocq6-0-0\"><span data-reactid=\".jz.1.0.1.$1.0.0.0.$editor0.0.0.$1ocq6.0:$1ocq6-0-0.0\">08188 Vallromanes<\/span><\/span><\/div>\n<div class=\"_209g _2vxa\" data-block=\"true\" data-offset-key=\"fkh3h-0-0\" data-reactid=\".jz.1.0.1.$1.0.0.0.$editor0.0.0.$fkh3h\"><span data-offset-key=\"fkh3h-0-0\" data-reactid=\".jz.1.0.1.$1.0.0.0.$editor0.0.0.$fkh3h.0:$fkh3h-0-0\"><span data-reactid=\".jz.1.0.1.$1.0.0.0.$editor0.0.0.$fkh3h.0:$fkh3h-0-0.0\">Tel. 93 572 90 29 \u2013 restaurant@stmiquel.cat<\/span><\/span><\/div>\n<div class=\"divider\"><\/div>\n<h2><\/h2>\n<p><a href=\"http:\/\/www.masdelesvinyes.com\/wp-content\/uploads\/2015\/11\/santmiquelbolets20152.jpg\" rel=\"wp-prettyPhoto&#091;1214&#093;\" data-rel=\"lightbox-image-1\" data-rl_title=\"\" data-rl_caption=\"\" title=\"\"><img loading=\"lazy\" decoding=\"async\" class=\"aligncenter wp-image-1212\" src=\"http:\/\/www.masdelesvinyes.com\/wp-content\/uploads\/2015\/11\/santmiquelbolets20152-300x210.jpg\" alt=\"Sant Miquel Restaurant\" width=\"779\" height=\"545\" srcset=\"https:\/\/www.masdelesvinyes.com\/wp-content\/uploads\/2015\/11\/santmiquelbolets20152-300x210.jpg 300w, https:\/\/www.masdelesvinyes.com\/wp-content\/uploads\/2015\/11\/santmiquelbolets20152-1024x717.jpg 1024w, https:\/\/www.masdelesvinyes.com\/wp-content\/uploads\/2015\/11\/santmiquelbolets20152.jpg 1771w\" sizes=\"auto, (max-width: 779px) 100vw, 779px\" \/><\/a><\/p>\n<p>&nbsp;<\/p>\n<h1>RACO D&#8217;ATANS CRIAN\u00c7A 2008 &#8211; DO MONTSANT<\/h1>\n<p style=\"text-align: center;\"><div class=\"divider\"><\/div>\n<div class=\"one_fourth\"> <img loading=\"lazy\" decoding=\"async\" class=\"wp-image-20 aligncenter\" style=\"margin-top: 2px; margin-bottom: 2px;\" title=\"vi negre crian\u00e7a-do-montsant\" src=\"http:\/\/www.masdelesvinyes.com\/wp-content\/uploads\/2014\/03\/vi-montsant-reserva.jpg\" alt=\"vi negre crian\u00e7a-do-montsant\" width=\"300\" height=\"180\" \/> <a href=\"http:\/\/www.masdelesvinyes.com\/wp-content\/uploads\/2014\/03\/raco-datans-montsant.png\" rel=\"wp-prettyPhoto&#091;1214&#093;\" data-rel=\"lightbox-image-2\" data-rl_title=\"\" data-rl_caption=\"\"><img loading=\"lazy\" decoding=\"async\" class=\"aligncenter wp-image-1091 size-full\" style=\"margin-top: 2px; margin-bottom: 2px;\" title=\"\" src=\"http:\/\/www.masdelesvinyes.com\/wp-content\/uploads\/2014\/03\/raco-datans-montsant.png\" alt=\"raco datans montsant\" width=\"133\" height=\"364\" srcset=\"https:\/\/www.masdelesvinyes.com\/wp-content\/uploads\/2014\/03\/raco-datans-montsant.png 133w, https:\/\/www.masdelesvinyes.com\/wp-content\/uploads\/2014\/03\/raco-datans-montsant-110x300.png 110w\" sizes=\"auto, (max-width: 133px) 100vw, 133px\" \/><\/a> <a href=\"http:\/\/www.masdelesvinyes.com\/wp-content\/uploads\/2014\/02\/do_montsant.jpg\" rel=\"wp-prettyPhoto&#091;1214&#093;\" data-rel=\"lightbox-image-3\" data-rl_title=\"\" data-rl_caption=\"\" title=\"\"><img loading=\"lazy\" decoding=\"async\" class=\"wp-image-104 aligncenter\" style=\"margin-top: 2px; margin-bottom: 2px;\" src=\"http:\/\/www.masdelesvinyes.com\/wp-content\/uploads\/2014\/02\/do_montsant.jpg\" alt=\"Vinos DO Montsant\" width=\"122\" height=\"32\" \/><\/a><br \/>\n<\/div>\n<div class=\"three_fourth last_column\"><\/div>\n<strong>Rac\u00f3 \u00a0d&#8217;Atans<\/strong> \u00e9s un gran exemple de pas de temps fet amb eleg\u00e0ncia, rep\u00f2s i qualitat. Aquest<strong>\u00a0Negre Crian\u00e7a Do Montsant mant\u00e9 <\/strong>el vigor d&#8217;un vi corpulent, complexe, propi de les nostres terres tot i els seus anys d&#8217;envelliment primer en b\u00f3tes i posteriorment en ampolla. El cam\u00ed per rec\u00f3rrer d&#8217;aquest vi \u00e9s un aspecte fascinant de l&#8217;evoluci\u00f3 de les\u00a0<strong>vinyes velles de Cabernet Sauvignon.<\/strong> Ideal per a disfrutar amb carns vermelles, carns de ca\u00e7a, estofats i qualsevol tipus de plat amb l&#8217;ess\u00e8ncia de la cuina de tota la vida. \n<table class=\"custom-table\"  class=\"custom-table\" summary=\"Sample Table\">\n<thead>\n<tr>\n<th scope=\"col\">Vi DO Montsant<\/th>\n<th scope=\"col\">Cupatge de les varietats<\/th>\n<th scope=\"col\">Nota de tast<\/th>\n<th scope=\"col\">Grau<\/th>\n<\/tr>\n<\/thead>\n<tbody>\n<tr>\n<td>Vi Negre Crian\u00e7a<\/td>\n<td>Cabernet Sauvignon, Garnatxa, Merlot, Syrah<\/td>\n<td>De color granat, un nas amb una barreja d\u2019esp\u00e8cies (canyella, vainilla) i fruites (cirera, maduixa, mora) molt ben harmonitzada. Una entrada en boca melosa amb un pas corpulent i amb uns tanins potents per\u00f2 molt madurs. Equilibri entre el vi i la barrica.<\/td>\n<td>14,5\u00ba<\/td>\n<\/tr>\n<tr>\n<td><\/td>\n<td><\/td>\n<td><strong>\u00a0Crian\u00e7a: 12 mesos en b\u00f3tes de roure franc\u00e8s<\/strong><\/td>\n<td><\/td>\n<\/tr>\n<tr>\n<td><\/td>\n<td><\/td>\n<td><strong>PVP:<\/strong><\/td>\n<td>11,80\u20ac<\/td>\n<\/tr>\n<\/tbody>\n<tfoot>\n<tr>\n<td colspan=\"4\">\n<p style=\"text-align: right;\">*Transport incl\u00f2s.<\/p>\n<p>Verema: Octubre Producci\u00f3 anual: 8.500 Ampolles.<\/td>\n<\/tr>\n<\/tfoot>\n<\/table>\n\n<\/div>\n<div class=\"divider\"><\/div><div class=\"one_half\"> <img loading=\"lazy\" decoding=\"async\" class=\"alignnone size-full wp-image-216\" title=\"vi negre montsant-vi crina\u00e7a montsant\" src=\"http:\/\/www.masdelesvinyes.com\/wp-content\/uploads\/2014\/03\/vi-negre-montsant-vi-crina\u00e7a-montsant.jpg\" alt=\"vi negre montsant-vi crina\u00e7a montsant\" width=\"785\" height=\"1242\" srcset=\"https:\/\/www.masdelesvinyes.com\/wp-content\/uploads\/2014\/03\/vi-negre-montsant-vi-crina\u00e7a-montsant.jpg 785w, https:\/\/www.masdelesvinyes.com\/wp-content\/uploads\/2014\/03\/vi-negre-montsant-vi-crina\u00e7a-montsant-189x300.jpg 189w, https:\/\/www.masdelesvinyes.com\/wp-content\/uploads\/2014\/03\/vi-negre-montsant-vi-crina\u00e7a-montsant-647x1024.jpg 647w\" sizes=\"auto, (max-width: 785px) 100vw, 785px\" \/> <\/div> <div class=\"one_half last_column\">\n<p style=\"text-align: center;\"><span style=\"font-size: 20px; color: #cc0c4c; line-height: 26px;\">Rac\u00f3 d&#8217;Atans Crian\u00e7a 2008 &#8211; DO Montsant &#8230; Eleg\u00e0ncia, pas de temps i equilibri !<\/span><\/p>\n<p style=\"text-align: center;\"><span style=\"font-size: 32px; color: #afcc08; line-height: 40px;\">&gt; Informaci\u00f3 i Comandes:<\/span><\/p>\n<p style=\"text-align: center;\"><span style=\"font-size: 32px; color: #afcc08; line-height: 40px;\">+652 568 848<\/span><br \/>\n<span style=\"color: #000000; font-size: 16px;\"><span style=\"color: #000000; line-height: 24px; margin-right: 0px;\">\u00a0<a title=\"vins do montsant\" href=\"mailto:josep@masdelesvinyes.com\" target=\"_blank\">josep@masdelesvinyes.com<\/a><\/span><\/span><\/p>\n<p style=\"text-align: center;\">\n<div class=\"wpcf7 no-js\" id=\"wpcf7-f149-o1\" lang=\"ca\" dir=\"ltr\" data-wpcf7-id=\"149\">\n<div class=\"screen-reader-response\"><p role=\"status\" aria-live=\"polite\" aria-atomic=\"true\"><\/p> <ul><\/ul><\/div>\n<form action=\"\/es\/wp-json\/wp\/v2\/posts\/1214#wpcf7-f149-o1\" method=\"post\" class=\"wpcf7-form init\" aria-label=\"Formulari de contacte\" novalidate=\"novalidate\" data-status=\"init\">\n<fieldset class=\"hidden-fields-container\"><input type=\"hidden\" name=\"_wpcf7\" value=\"149\" \/><input type=\"hidden\" name=\"_wpcf7_version\" value=\"6.1.5\" \/><input type=\"hidden\" name=\"_wpcf7_locale\" value=\"ca\" \/><input type=\"hidden\" name=\"_wpcf7_unit_tag\" value=\"wpcf7-f149-o1\" \/><input type=\"hidden\" name=\"_wpcf7_container_post\" value=\"0\" \/><input type=\"hidden\" name=\"_wpcf7_posted_data_hash\" value=\"\" \/><input type=\"hidden\" name=\"_wpcf7_recaptcha_response\" value=\"\" \/>\n<\/fieldset>\n<p>Nom(obligatori)\n<\/p>\n<p><span class=\"wpcf7-form-control-wrap\" data-name=\"your-name\"><input size=\"40\" maxlength=\"400\" class=\"wpcf7-form-control wpcf7-text wpcf7-validates-as-required\" aria-required=\"true\" aria-invalid=\"false\" value=\"\" type=\"text\" name=\"your-name\" \/><\/span>\n<\/p>\n<p>Email(obligatori)\n<\/p>\n<p><span class=\"wpcf7-form-control-wrap\" data-name=\"your-email\"><input size=\"40\" maxlength=\"400\" class=\"wpcf7-form-control wpcf7-email wpcf7-validates-as-required wpcf7-text wpcf7-validates-as-email\" aria-required=\"true\" aria-invalid=\"false\" value=\"\" type=\"email\" name=\"your-email\" \/><\/span>\n<\/p>\n<p>Tel\u00e8fon\n<\/p>\n<p><span class=\"wpcf7-form-control-wrap\" data-name=\"your-Telefon\"><input size=\"40\" maxlength=\"400\" class=\"wpcf7-form-control wpcf7-text\" aria-invalid=\"false\" value=\"\" type=\"text\" name=\"your-Telefon\" \/><\/span>\n<\/p>\n<p>Poblaci\u00f3\n<\/p>\n<p><span class=\"wpcf7-form-control-wrap\" data-name=\"Poblacio\"><input size=\"40\" maxlength=\"400\" class=\"wpcf7-form-control wpcf7-text wpcf7-validates-as-required\" aria-required=\"true\" aria-invalid=\"false\" value=\"\" type=\"text\" name=\"Poblacio\" \/><\/span>\n<\/p>\n<p>N\u00ba de caixes\n<\/p>\n<p><span class=\"wpcf7-form-control-wrap\" data-name=\"your-subject\"><input size=\"40\" maxlength=\"400\" class=\"wpcf7-form-control wpcf7-text\" aria-invalid=\"false\" value=\"\" type=\"text\" name=\"your-subject\" \/><\/span>\n<\/p>\n<p>Comentari\n<\/p>\n<p><span class=\"wpcf7-form-control-wrap\" data-name=\"your-message\"><textarea cols=\"40\" rows=\"10\" maxlength=\"2000\" class=\"wpcf7-form-control wpcf7-textarea\" aria-invalid=\"false\" name=\"your-message\"><\/textarea><\/span>\n<\/p>\n<p><span class=\"wpcf7-form-control-wrap\" data-name=\"Accepto_RGPD\"><span class=\"wpcf7-form-control wpcf7-acceptance\"><span class=\"wpcf7-list-item\"><input type=\"checkbox\" name=\"Accepto_RGPD\" value=\"1\" aria-invalid=\"false\" \/><\/span><\/span><\/span>Yo, l'Interessat, he llegit la <b>informaci\u00f3 b\u00e0sica sobre protecci\u00f3 de dades<\/b> i dono el meu consentiment expr\u00e8s pel tractament leg\u00edtim de les meves dades personals a Mas de les Vinyes.\n<\/p>\n\n<p><input class=\"wpcf7-form-control wpcf7-submit has-spinner\" type=\"submit\" value=\"FINALITZAR\" \/>\n<\/p>\n<div class=\"ln\">\n\t<p><b>INFORMACI\u00d3 B\u00c0SICA SOBRE PROTECCI\u00d3 DE DADES<\/b>\n\t<\/p>\n\t<p>De conformitat amb el Reglament (UE) 2016\/679, de 27 d'abril de 2016, relatiu a la protecci\u00f3 de les persones f\u00edsiques pel que fa al tractament de dades personals i a la lliure circulaci\u00f3 d'aquestes dades (RGPD) i la normativa en Protecci\u00f3 de Dades que correspongui, MAS DE LES VINYES informa:\n\t<\/p>\n\t<ul>\n\t\t<li>\n\t\t\t<p><b>Responsable del Tractament<\/b>: Mas de Les Vinyes\u00a0<a href=\"https:\/\/www.masdelesvinyes.com\/avis-legal-i-politica-de-privacitat\/\" target=\"_blank\">+ info<\/a>\n\t\t\t<\/p>\n\t\t<\/li>\n\t\t<li>\n\t\t\t<p><b>Finalitat<\/b>: Respondre a la seva petici\u00f3 \/ Subscripci\u00f3 i enviament d'informaci\u00f3 previ consentiment.\n\t\t\t<\/p>\n\t\t<\/li>\n\t\t<li>\n\t\t\t<p><b>Legitimaci\u00f3<\/b>: Consentiment expr\u00e9s de l'interessat.\n\t\t\t<\/p>\n\t\t<\/li>\n\t\t<li>\n\t\t\t<p><b>Destinataris<\/b>: No es cediran dades a tercers, excepte obligaci\u00f3 legal.<a href=\"https:\/\/www.masdelesvinyes.com\/avis-legal-i-politica-de-privacitat\/\" target=\"_blank\">+ info<\/a>\n\t\t\t<\/p>\n\t\t<\/li>\n\t\t<li>\n\t\t\t<p><b>Drets<\/b>: Accedir, rectificar i suprimir les dades, aix\u00ed com altres drets, com s'explica en la informaci\u00f3 addicional.\n\t\t\t<\/p>\n\t\t<\/li>\n\t\t<li>\n\t\t\t<p><b>M\u00e9s informaci\u00f3<\/b>: Pot consultar la informaci\u00f3 addicional i detallada sobre la nostra pol\u00edtica de Protecci\u00f3 de Dades a la nostra p\u00e0gina web <a href=\"https:\/\/www.masdelesvinyes.com\/avis-legal-i-politica-de-privacitat\/\" target=\"_blank\">+ info<\/a>\n\t\t\t<\/p>\n\t\t<\/li>\n\t<\/ul>\n<\/div><div class=\"wpcf7-response-output\" aria-hidden=\"true\"><\/div>\n<\/form>\n<\/div>\n\n<\/div>\n","protected":false},"excerpt":{"rendered":"","protected":false},"author":5,"featured_media":1212,"comment_status":"closed","ping_status":"closed","sticky":false,"template":"","format":"standard","meta":{"footnotes":""},"categories":[74,58,64,43,37,93],"tags":[157,158],"class_list":["post-1214","post","type-post","status-publish","format-standard","has-post-thumbnail","hentry","category-comprar-vins-montsant-es","category-turisme-gastronomic-es","category-vins-del-priorat-es","category-vinos-montsant-es","category-vins-do-montsant-es","category-vins-montsant-mas-de-les-vinyes-es","tag-raco-datans-montsant-es","tag-sant-miquel-restaurant-es"],"_links":{"self":[{"href":"https:\/\/www.masdelesvinyes.com\/es\/wp-json\/wp\/v2\/posts\/1214","targetHints":{"allow":["GET"]}}],"collection":[{"href":"https:\/\/www.masdelesvinyes.com\/es\/wp-json\/wp\/v2\/posts"}],"about":[{"href":"https:\/\/www.masdelesvinyes.com\/es\/wp-json\/wp\/v2\/types\/post"}],"author":[{"embeddable":true,"href":"https:\/\/www.masdelesvinyes.com\/es\/wp-json\/wp\/v2\/users\/5"}],"replies":[{"embeddable":true,"href":"https:\/\/www.masdelesvinyes.com\/es\/wp-json\/wp\/v2\/comments?post=1214"}],"version-history":[{"count":3,"href":"https:\/\/www.masdelesvinyes.com\/es\/wp-json\/wp\/v2\/posts\/1214\/revisions"}],"predecessor-version":[{"id":1223,"href":"https:\/\/www.masdelesvinyes.com\/es\/wp-json\/wp\/v2\/posts\/1214\/revisions\/1223"}],"wp:featuredmedia":[{"embeddable":true,"href":"https:\/\/www.masdelesvinyes.com\/es\/wp-json\/wp\/v2\/media\/1212"}],"wp:attachment":[{"href":"https:\/\/www.masdelesvinyes.com\/es\/wp-json\/wp\/v2\/media?parent=1214"}],"wp:term":[{"taxonomy":"category","embeddable":true,"href":"https:\/\/www.masdelesvinyes.com\/es\/wp-json\/wp\/v2\/categories?post=1214"},{"taxonomy":"post_tag","embeddable":true,"href":"https:\/\/www.masdelesvinyes.com\/es\/wp-json\/wp\/v2\/tags?post=1214"}],"curies":[{"name":"wp","href":"https:\/\/api.w.org\/{rel}","templated":true}]}}