{"id":2364,"date":"2018-11-21T08:10:49","date_gmt":"2018-11-21T08:10:49","guid":{"rendered":"https:\/\/www.masdelesvinyes.com\/?p=2364"},"modified":"2018-11-21T08:24:39","modified_gmt":"2018-11-21T08:24:39","slug":"xix-salon-de-los-mejores-vinos-de-espana-guia-penin","status":"publish","type":"post","link":"https:\/\/www.masdelesvinyes.com\/en\/2018\/11\/xix-salon-de-los-mejores-vinos-de-espana-guia-penin\/","title":{"rendered":"TRACA I MOCADOR BLANC 2016 at XIX Sal\u00f3n de los Mejores Vinos de Espa\u00f1a GUIA PE\u00d1IN"},"content":{"rendered":"<blockquote><p><img loading=\"lazy\" decoding=\"async\" class=\"aligncenter wp-image-2366 \" title=\"Mas de Les Vinyes Crian\u00e7a al 5 a Taula de La Vanguardia\" src=\"https:\/\/www.masdelesvinyes.com\/wp-content\/uploads\/2018\/11\/Mejores-Vinos-de-Espa\u00f1a-Guia-Pe\u00f1in-TRACA-I-MOCADOR-BLANC-2016.jpg\" alt=\"Mejores Vinos de Espa\u00f1a Guia Pe\u00f1in\" width=\"641\" height=\"962\" srcset=\"https:\/\/www.masdelesvinyes.com\/wp-content\/uploads\/2018\/11\/Mejores-Vinos-de-Espa\u00f1a-Guia-Pe\u00f1in-TRACA-I-MOCADOR-BLANC-2016.jpg 640w, https:\/\/www.masdelesvinyes.com\/wp-content\/uploads\/2018\/11\/Mejores-Vinos-de-Espa\u00f1a-Guia-Pe\u00f1in-TRACA-I-MOCADOR-BLANC-2016-100x150.jpg 100w, https:\/\/www.masdelesvinyes.com\/wp-content\/uploads\/2018\/11\/Mejores-Vinos-de-Espa\u00f1a-Guia-Pe\u00f1in-TRACA-I-MOCADOR-BLANC-2016-200x300.jpg 200w\" sizes=\"auto, (max-width: 641px) 100vw, 641px\" \/><\/p><\/blockquote>\n<h1><span style=\"color: #ff0000;\">TRACA I MOCADOR BLANC 2016 at the\u00a0XIX Sal\u00f3n de los Mejores Vinos de Espa\u00f1a GUIA PE\u00d1IN.<\/span><\/h1>\n<p>On October 29th and 30th, <strong>TRACA I MOCADOR 2016 (91pts)<\/strong> will participate in the <strong>XIX Sal\u00f3n de los Mejores Vinos de Espa\u00f1a GUIA PE\u00d1IN<\/strong>\u00a0, at the IFEMA Exhibition in Madrid.<\/p>\n<blockquote><p>A new opportunity with which we will offer in what will be the largest meeting of quality wines of Spain organized to date.<\/p>\n<p>Thank you very much to all of you for your support and Especially to the team of the <strong>GUIA PE\u00d1IN<\/strong>\u00a0for its recognition.<\/p><\/blockquote>\n","protected":false},"excerpt":{"rendered":"<p>TRACA I MOCADOR BLANC 2016 at the\u00a0XIX Sal\u00f3n de los Mejores Vinos de Espa\u00f1a GUIA PE\u00d1IN. On October 29th and 30th, TRACA I MOCADOR 2016 (91pts) will participate in the XIX Sal\u00f3n de los Mejores Vinos de Espa\u00f1a GUIA PE\u00d1IN\u00a0, at the IFEMA Exhibition in Madrid. A<\/p>\n","protected":false},"author":5,"featured_media":2376,"comment_status":"closed","ping_status":"closed","sticky":false,"template":"","format":"standard","meta":{"footnotes":""},"categories":[29,184,122,27],"tags":[200,292],"class_list":["post-2364","post","type-post","status-publish","format-standard","has-post-thumbnail","hentry","category-fira-de-vins-en","category-tast-de-vins-en","category-traca-i-mocador-en","category-vins-do-montsant-en","tag-cellers-vins-montsant-en","tag-vins-blancs-montsant-en"],"_links":{"self":[{"href":"https:\/\/www.masdelesvinyes.com\/en\/wp-json\/wp\/v2\/posts\/2364","targetHints":{"allow":["GET"]}}],"collection":[{"href":"https:\/\/www.masdelesvinyes.com\/en\/wp-json\/wp\/v2\/posts"}],"about":[{"href":"https:\/\/www.masdelesvinyes.com\/en\/wp-json\/wp\/v2\/types\/post"}],"author":[{"embeddable":true,"href":"https:\/\/www.masdelesvinyes.com\/en\/wp-json\/wp\/v2\/users\/5"}],"replies":[{"embeddable":true,"href":"https:\/\/www.masdelesvinyes.com\/en\/wp-json\/wp\/v2\/comments?post=2364"}],"version-history":[{"count":4,"href":"https:\/\/www.masdelesvinyes.com\/en\/wp-json\/wp\/v2\/posts\/2364\/revisions"}],"predecessor-version":[{"id":2374,"href":"https:\/\/www.masdelesvinyes.com\/en\/wp-json\/wp\/v2\/posts\/2364\/revisions\/2374"}],"wp:featuredmedia":[{"embeddable":true,"href":"https:\/\/www.masdelesvinyes.com\/en\/wp-json\/wp\/v2\/media\/2376"}],"wp:attachment":[{"href":"https:\/\/www.masdelesvinyes.com\/en\/wp-json\/wp\/v2\/media?parent=2364"}],"wp:term":[{"taxonomy":"category","embeddable":true,"href":"https:\/\/www.masdelesvinyes.com\/en\/wp-json\/wp\/v2\/categories?post=2364"},{"taxonomy":"post_tag","embeddable":true,"href":"https:\/\/www.masdelesvinyes.com\/en\/wp-json\/wp\/v2\/tags?post=2364"}],"curies":[{"name":"wp","href":"https:\/\/api.w.org\/{rel}","templated":true}]}}