{"id":1554,"date":"2017-04-04T11:04:01","date_gmt":"2017-04-04T11:04:01","guid":{"rendered":"http:\/\/www.masdelesvinyes.com\/2017\/04\/traca-i-mocador-2015-brad-fisher-roc35-barcelona-2\/"},"modified":"2017-04-05T14:03:43","modified_gmt":"2017-04-05T14:03:43","slug":"traca-i-mocador-2015-brad-fisher-roc35-barcelona","status":"publish","type":"post","link":"https:\/\/www.masdelesvinyes.com\/en\/2017\/04\/traca-i-mocador-2015-brad-fisher-roc35-barcelona\/","title":{"rendered":"PRESENTACI\u00d3 DEL NOU TRACA I MOCADOR 2015 AMB BRAD FISHER A ROC35 BARCELONA"},"content":{"rendered":"<p><img loading=\"lazy\" decoding=\"async\" class=\"aligncenter wp-image-1530 size-large\" style=\"color: #333333;\" title=\"TRACA I MOCADOR BLANC - DO MONTSANT - MAS DE LES VINYES\" src=\"http:\/\/www.masdelesvinyes.com\/wp-content\/uploads\/2017\/04\/Nou-Traca-i-Mocador-2015-a-Barcelona-2-1024x681.jpg\" alt=\"Nou Traca i Mocador 2015 a Barcelona\" width=\"600\" height=\"399\" srcset=\"https:\/\/www.masdelesvinyes.com\/wp-content\/uploads\/2017\/04\/Nou-Traca-i-Mocador-2015-a-Barcelona-2-1024x681.jpg 1024w, https:\/\/www.masdelesvinyes.com\/wp-content\/uploads\/2017\/04\/Nou-Traca-i-Mocador-2015-a-Barcelona-2-150x100.jpg 150w, https:\/\/www.masdelesvinyes.com\/wp-content\/uploads\/2017\/04\/Nou-Traca-i-Mocador-2015-a-Barcelona-2-300x200.jpg 300w, https:\/\/www.masdelesvinyes.com\/wp-content\/uploads\/2017\/04\/Nou-Traca-i-Mocador-2015-a-Barcelona-2-768x511.jpg 768w, https:\/\/www.masdelesvinyes.com\/wp-content\/uploads\/2017\/04\/Nou-Traca-i-Mocador-2015-a-Barcelona-2.jpg 1087w\" sizes=\"auto, (max-width: 600px) 100vw, 600px\" \/><\/p>\n<h1><span style=\"color: #ff0000;\">PRESENTACI\u00d3 TRACA I MOCADOR 2015 Amb Brad Fisher al Roc35 Barcelona<\/span><\/h1>\n<p>El passat 23 de mar\u00e7 2017 v\u00e0rem presentar el nou TRACA I MOCADOR 2015 a l&#8217;espai Gastron\u00f2mic Roc35 de Barcelona.<\/p>\n<p>Va ser una trobada per a \u00a0gaudir d&#8217;un vespre envoltats d&#8217;Amistat, Moda, Art i Vins.<\/p>\n<h2>Brad Fisher i Traca i Mocador<\/h2>\n<div class=\"two_third\">\n<p>En aquesta ocasi\u00f3 el dissenyador de Nova York <strong>Brad Fisher<\/strong> va acompanyar-nos oferint-nos el seu talent dibuixant en viu etiquetes personalitzades per les primeres ampolles del nou Traca i Mocador 2015 que v\u00e0rem compartir amb els assitents.<\/p>\n<p>Brad Fisher, que ja va col.laborar amb el disseny per l&#8217;etiqueta del projecte de <strong>Traca i Mocador Blanc<\/strong>, torna a ser-hi present de nou amb la seva visi\u00f3 del projecte <strong>Traca i Mocador.<\/strong><\/p>\n<hr \/>\n<p><span style=\"color: #ff0000;\"><em><strong>Per a Tots vosaltres!<\/strong><\/em><\/span><br \/>\n<em><strong>Us dediquem aquest Regal en forma de v\u00eddeo per a celebrar la presentaci\u00f3 del TRACA I MOCADOR 2015 amb BRAD FISHER al <a class=\"profileLink\" href=\"http:\/\/www.facebook.com\/ROC35-1170436236386150\/\" data-hovercard=\"\/ajax\/hovercard\/page.php?id=1170436236386150\" data-hovercard-prefer-more-content-show=\"1\">ROC35<\/a> de Barcelona.<\/strong><\/em><br \/>\n<em><strong>&#8220;CHEERS AMIGOS ! &#8220;<\/strong><\/em><\/p>\n<p><iframe loading=\"lazy\" src=\"http:\/\/www.youtube.com\/embed\/XMNPZIf0Bto?ecver=1\" width=\"560\" height=\"315\" frameborder=\"0\" allowfullscreen=\"allowfullscreen\"><\/iframe><\/p>\n<hr \/>\n<h2><span style=\"color: #ff0000;\">TRACA I MOCADOR 2015 ALS MITJANS<\/span><\/h2>\n<p>Divereses ag\u00e8ncies i mitjans com Elle Spain i El Mundo Deportivo, entre d&#8217;altres, van acompanyar-nos per aquest debut.<\/p>\n<h3>TRACA I MOCADOR 2015 ELLE SPAIN<\/h3>\n<p><img loading=\"lazy\" decoding=\"async\" class=\"aligncenter size-full wp-image-1531\" src=\"http:\/\/www.masdelesvinyes.com\/wp-content\/uploads\/2017\/04\/TRACA-I-MOCADOR-2015-ELLE-SPAIN.jpg\" alt=\"TRACA I MOCADOR 2015 ELLE SPAIN\" width=\"980\" height=\"490\" srcset=\"https:\/\/www.masdelesvinyes.com\/wp-content\/uploads\/2017\/04\/TRACA-I-MOCADOR-2015-ELLE-SPAIN.jpg 980w, https:\/\/www.masdelesvinyes.com\/wp-content\/uploads\/2017\/04\/TRACA-I-MOCADOR-2015-ELLE-SPAIN-150x75.jpg 150w, https:\/\/www.masdelesvinyes.com\/wp-content\/uploads\/2017\/04\/TRACA-I-MOCADOR-2015-ELLE-SPAIN-300x150.jpg 300w, https:\/\/www.masdelesvinyes.com\/wp-content\/uploads\/2017\/04\/TRACA-I-MOCADOR-2015-ELLE-SPAIN-768x384.jpg 768w\" sizes=\"auto, (max-width: 980px) 100vw, 980px\" \/><\/p>\n<h3><span style=\"color: #ff0000;\">Oriol Elcacho y Josep Borr\u00e0s presentan la nueva a\u00f1ada de su vino<\/span><\/h3>\n<p>&#8220;El modelo<strong data-redactor-tag=\"strong\" data-verified=\"redactor\"> Oriol Elcacho <\/strong>y el bodeguero<strong data-redactor-tag=\"strong\" data-verified=\"redactor\"> Josep Borr\u00e0s<\/strong> iniciaron en 2013 un precioso proyecto juntos, fruto de su amistad y del amor del modelo y el bodeguero por el vino, al que bautizaron <strong data-redactor-tag=\"strong\" data-verified=\"redactor\">Traca i Mocador. <\/strong><strong data-redactor-tag=\"strong\" data-verified=\"redactor\">Tras el \u00e9xito cosechado desde que presentaron su primera a\u00f1ada<\/strong>, esta semana daban a conocer en ROC35, una antigua f\u00e1brica de harina de Barcelona reconvertida en un espacio dedicado a la gastronom\u00eda, la a\u00f1ada del 2015. &#8230; &#8221;<\/p>\n<p><a href=\"http:\/\/www.elle.es\/living\/elle-gourmet\/news\/a795732\/descorchando-el-nuevo-traca-i-mocador\/\">VEURE M\u00c9S EN L&#8217;ARTICLE \u00a0ELLE SPAIN<\/a><\/p>\n<h3>TRACA I MOCADOR 2015 MUNDO DEPORTIVO<\/h3>\n<p><img loading=\"lazy\" decoding=\"async\" class=\"aligncenter wp-image-1532 size-full\" src=\"http:\/\/www.masdelesvinyes.com\/wp-content\/uploads\/2017\/04\/Traca-i-Mocador-2015-Albert-Costa-Roc-35-Barcelona-2.jpg\" alt=\"Traca i Mocador 2015 Albert Costa\" width=\"1087\" height=\"723\" srcset=\"https:\/\/www.masdelesvinyes.com\/wp-content\/uploads\/2017\/04\/Traca-i-Mocador-2015-Albert-Costa-Roc-35-Barcelona-2.jpg 1087w, https:\/\/www.masdelesvinyes.com\/wp-content\/uploads\/2017\/04\/Traca-i-Mocador-2015-Albert-Costa-Roc-35-Barcelona-2-150x100.jpg 150w, https:\/\/www.masdelesvinyes.com\/wp-content\/uploads\/2017\/04\/Traca-i-Mocador-2015-Albert-Costa-Roc-35-Barcelona-2-300x200.jpg 300w, https:\/\/www.masdelesvinyes.com\/wp-content\/uploads\/2017\/04\/Traca-i-Mocador-2015-Albert-Costa-Roc-35-Barcelona-2-768x511.jpg 768w, https:\/\/www.masdelesvinyes.com\/wp-content\/uploads\/2017\/04\/Traca-i-Mocador-2015-Albert-Costa-Roc-35-Barcelona-2-1024x681.jpg 1024w\" sizes=\"auto, (max-width: 1087px) 100vw, 1087px\" \/><\/p>\n<h4><span style=\"color: #ff0000;\">Albert Costa, en la presentaci\u00f3n del vino de Oriol Elcacho \u2018Traca i Mocador\u2019<\/span><\/h4>\n<p>&#8220;El director del Barcelona Open Banc Sabadell acompa\u00f1\u00f3 al modelo que mostr\u00f3 la nueva a\u00f1ada de su tinto, con etiqueta creada por el neoyorquino Brad Fisher<\/p>\n<p><b>Albert Costa<\/b>, director del Barcelona Open Banc Sabadell, fue uno de amigos del modelo Oriol Elcacho que asisti\u00f3 a la presentaci\u00f3n de la nueva a\u00f1ada de su vino \u2018Traca i Mocador\u2019 . Despu\u00e9s de iniciar un ilusionante proyecto en com\u00fan en 2013, fruto de su amistad y del amor por el vino, <b>Oriol Elcacho y Josep Borr\u00e0s <\/b>presentaron en ROC35, una antigua f\u00e1brica de harina de Barcelona reconvertida por el arquitecto Minos Digenis en un espacio dedicado a la gastronom\u00eda, la nueva a\u00f1ada de \u2018Traca i Mocador\u2019. El nuevo tinto corresponde a la a\u00f1ada de 2015 y es el segundo que el Celler Mas de les Vinyes presenta con este sello. &#8230;&#8221;<\/p>\n<p><a href=\"http:\/\/www.mundodeportivo.com\/ocio\/20170324\/421143739792\/albert-costa-vino-traca-i-mocador-oriol-elcacho-josep-borras-brad-fisher.html\">VEURE M\u00c9S L&#8217;ARTICLE MUNDO DEPORTIVO<\/a><\/p>\n<hr \/>\n<div class=\"rgg-container\" data-rgg-id=\"1\">    <div class=\"rgg-imagegrid captions-title captions-effect-none \" data-rgg-id=\"1\">\n                    <a href=\"https:\/\/www.masdelesvinyes.com\/wp-content\/uploads\/2017\/04\/Traca-i-Mocador-2015-2.jpg\" data-rel=\"lightbox-gallery-0\" rel=\"rgg\" title=\"\" data-rl_title=\"\" class=\"rgg-disabled size-large rgg-img rl-gallery-link\"  data-src=\"https:\/\/www.masdelesvinyes.com\/wp-content\/uploads\/2017\/04\/Traca-i-Mocador-2015-2-1024x681.jpg\" data-ratio=\"1.5037593984962\" data-height=\"399\" data-width=\"600\" aria-label=\"\" data-rl_caption=\"\">\n                            <\/a>\n                    <a href=\"https:\/\/www.masdelesvinyes.com\/wp-content\/uploads\/2017\/04\/Traca-i-Mocador-2015-Brad-Fisher-Roc-35-Barcelona-1-2.jpg\" data-rel=\"lightbox-gallery-0\" rel=\"rgg\" title=\"\" data-rl_title=\"\" class=\"rgg-disabled size-large rgg-img rl-gallery-link\"  data-src=\"https:\/\/www.masdelesvinyes.com\/wp-content\/uploads\/2017\/04\/Traca-i-Mocador-2015-Brad-Fisher-Roc-35-Barcelona-1-2-1024x683.jpg\" data-ratio=\"1.5\" data-height=\"400\" data-width=\"600\" aria-label=\"\" data-rl_caption=\"\">\n                            <\/a>\n                    <a href=\"https:\/\/www.masdelesvinyes.com\/wp-content\/uploads\/2017\/04\/Nou-Traca-i-Mocador-2015-a-Barcelona-3.jpg\" data-rel=\"lightbox-gallery-0\" rel=\"rgg\" title=\"\" data-rl_title=\"\" class=\"rgg-disabled size-large rgg-img rl-gallery-link\"  data-src=\"https:\/\/www.masdelesvinyes.com\/wp-content\/uploads\/2017\/04\/Nou-Traca-i-Mocador-2015-a-Barcelona-3-1024x681.jpg\" data-ratio=\"1.5037593984962\" data-height=\"399\" data-width=\"600\" aria-label=\"\" data-rl_caption=\"\">\n                            <\/a>\n                    <a href=\"https:\/\/www.masdelesvinyes.com\/wp-content\/uploads\/2017\/04\/Traca-i-Mocador-2015-Albert-Costa-Roc-35-Barcelona-3.jpg\" data-rel=\"lightbox-gallery-0\" rel=\"rgg\" title=\"\" data-rl_title=\"\" class=\"rgg-disabled size-large rgg-img rl-gallery-link\"  data-src=\"https:\/\/www.masdelesvinyes.com\/wp-content\/uploads\/2017\/04\/Traca-i-Mocador-2015-Albert-Costa-Roc-35-Barcelona-3-1024x681.jpg\" data-ratio=\"1.5037593984962\" data-height=\"399\" data-width=\"600\" aria-label=\"\" data-rl_caption=\"\">\n                            <\/a>\n                    <a href=\"https:\/\/www.masdelesvinyes.com\/wp-content\/uploads\/2017\/04\/Brad-Fisher-Traca-i-Mocador-2015-2.jpg\" data-rel=\"lightbox-gallery-0\" rel=\"rgg\" title=\"\" data-rl_title=\"\" class=\"rgg-disabled size-large rgg-img rl-gallery-link\"  data-src=\"https:\/\/www.masdelesvinyes.com\/wp-content\/uploads\/2017\/04\/Brad-Fisher-Traca-i-Mocador-2015-2-1024x681.jpg\" data-ratio=\"1.5037593984962\" data-height=\"399\" data-width=\"600\" aria-label=\"\" data-rl_caption=\"\">\n                            <\/a>\n                    <a href=\"https:\/\/www.masdelesvinyes.com\/wp-content\/uploads\/2017\/04\/Brad-Fisher-Barcelona-Traca-i-Mocador-2.jpg\" data-rel=\"lightbox-gallery-0\" rel=\"rgg\" title=\"\" data-rl_title=\"\" class=\"rgg-disabled size-large rgg-img rl-gallery-link\"  data-src=\"https:\/\/www.masdelesvinyes.com\/wp-content\/uploads\/2017\/04\/Brad-Fisher-Barcelona-Traca-i-Mocador-2-1024x681.jpg\" data-ratio=\"1.5037593984962\" data-height=\"399\" data-width=\"600\" aria-label=\"\" data-rl_caption=\"\">\n                            <\/a>\n                    <a href=\"https:\/\/www.masdelesvinyes.com\/wp-content\/uploads\/2017\/04\/Brad-Fisher-Traca-i-Mocador-2.jpg\" data-rel=\"lightbox-gallery-0\" rel=\"rgg\" title=\"\" data-rl_title=\"\" class=\"rgg-disabled size-large rgg-img rl-gallery-link\"  data-src=\"https:\/\/www.masdelesvinyes.com\/wp-content\/uploads\/2017\/04\/Brad-Fisher-Traca-i-Mocador-2-1024x681.jpg\" data-ratio=\"1.5037593984962\" data-height=\"399\" data-width=\"600\" aria-label=\"\" data-rl_caption=\"\">\n                            <\/a>\n                    <a href=\"https:\/\/www.masdelesvinyes.com\/wp-content\/uploads\/2017\/04\/Josep-Borras-Traca-i-Mocador-2015-2.jpg\" data-rel=\"lightbox-gallery-0\" rel=\"rgg\" title=\"\" data-rl_title=\"\" class=\"rgg-disabled size-large rgg-img rl-gallery-link\"  data-src=\"https:\/\/www.masdelesvinyes.com\/wp-content\/uploads\/2017\/04\/Josep-Borras-Traca-i-Mocador-2015-2-1024x681.jpg\" data-ratio=\"1.5037593984962\" data-height=\"399\" data-width=\"600\" aria-label=\"\" data-rl_caption=\"\">\n                            <\/a>\n                    <a href=\"https:\/\/www.masdelesvinyes.com\/wp-content\/uploads\/2017\/04\/Oriol-Elcacho-Davinia-Pelegri-Traca-i-Mocador-2015-2.jpg\" data-rel=\"lightbox-gallery-0\" rel=\"rgg\" title=\"\" data-rl_title=\"\" class=\"rgg-disabled size-large rgg-img rl-gallery-link\"  data-src=\"https:\/\/www.masdelesvinyes.com\/wp-content\/uploads\/2017\/04\/Oriol-Elcacho-Davinia-Pelegri-Traca-i-Mocador-2015-2-1024x681.jpg\" data-ratio=\"1.5037593984962\" data-height=\"399\" data-width=\"600\" aria-label=\"\" data-rl_caption=\"\">\n                            <\/a>\n                    <a href=\"https:\/\/www.masdelesvinyes.com\/wp-content\/uploads\/2017\/04\/Oriol-Elcacho-Josep-Borras-Traca-i-Mocador-2015-2.jpg\" data-rel=\"lightbox-gallery-0\" rel=\"rgg\" title=\"\" data-rl_title=\"\" class=\"rgg-disabled size-large rgg-img rl-gallery-link\"  data-src=\"https:\/\/www.masdelesvinyes.com\/wp-content\/uploads\/2017\/04\/Oriol-Elcacho-Josep-Borras-Traca-i-Mocador-2015-2-1024x681.jpg\" data-ratio=\"1.5037593984962\" data-height=\"399\" data-width=\"600\" aria-label=\"\" data-rl_caption=\"\">\n                            <\/a>\n                    <a href=\"https:\/\/www.masdelesvinyes.com\/wp-content\/uploads\/2017\/04\/Oriol-Elcacho-Traca-i-Mocador-2015-2.jpg\" data-rel=\"lightbox-gallery-0\" rel=\"rgg\" title=\"\" data-rl_title=\"\" class=\"rgg-disabled size-large rgg-img rl-gallery-link\"  data-src=\"https:\/\/www.masdelesvinyes.com\/wp-content\/uploads\/2017\/04\/Oriol-Elcacho-Traca-i-Mocador-2015-2-1024x681.jpg\" data-ratio=\"1.5037593984962\" data-height=\"399\" data-width=\"600\" aria-label=\"\" data-rl_caption=\"\">\n                            <\/a>\n                    <a href=\"https:\/\/www.masdelesvinyes.com\/wp-content\/uploads\/2017\/04\/Traca-i-Mocador-2015-Brad-Barcelona-2.jpg\" data-rel=\"lightbox-gallery-0\" rel=\"rgg\" title=\"\" data-rl_title=\"\" class=\"rgg-disabled size-large rgg-img rl-gallery-link\"  data-src=\"https:\/\/www.masdelesvinyes.com\/wp-content\/uploads\/2017\/04\/Traca-i-Mocador-2015-Brad-Barcelona-2-1024x681.jpg\" data-ratio=\"1.5037593984962\" data-height=\"399\" data-width=\"600\" aria-label=\"\" data-rl_caption=\"\">\n                            <\/a>\n                    <a href=\"https:\/\/www.masdelesvinyes.com\/wp-content\/uploads\/2017\/04\/Traca-i-Mocador-2015-Brad-Fisher-2.jpg\" data-rel=\"lightbox-gallery-0\" rel=\"rgg\" title=\"\" data-rl_title=\"\" class=\"rgg-disabled size-large rgg-img rl-gallery-link\"  data-src=\"https:\/\/www.masdelesvinyes.com\/wp-content\/uploads\/2017\/04\/Traca-i-Mocador-2015-Brad-Fisher-2-816x1024.jpg\" data-ratio=\"0.79681274900398\" data-height=\"753\" data-width=\"600\" aria-label=\"\" data-rl_caption=\"\">\n                            <\/a>\n                    <a href=\"https:\/\/www.masdelesvinyes.com\/wp-content\/uploads\/2017\/04\/TRACA-I-MOCADOR-2015-ELLE-SPAIN-1.jpg\" data-rel=\"lightbox-gallery-0\" rel=\"rgg\" title=\"\" data-rl_title=\"\" class=\"rgg-disabled size-large rgg-img rl-gallery-link\"  data-src=\"https:\/\/www.masdelesvinyes.com\/wp-content\/uploads\/2017\/04\/TRACA-I-MOCADOR-2015-ELLE-SPAIN-1.jpg\" data-ratio=\"2\" data-height=\"300\" data-width=\"600\" aria-label=\"\" data-rl_caption=\"\">\n                            <\/a>\n                    <a href=\"https:\/\/www.masdelesvinyes.com\/wp-content\/uploads\/2017\/04\/Traca-i-Mocador-Brad-Fisher-Roc-35-Barcelona-1-2.jpg\" data-rel=\"lightbox-gallery-0\" rel=\"rgg\" title=\"\" data-rl_title=\"\" class=\"rgg-disabled size-large rgg-img rl-gallery-link\"  data-src=\"https:\/\/www.masdelesvinyes.com\/wp-content\/uploads\/2017\/04\/Traca-i-Mocador-Brad-Fisher-Roc-35-Barcelona-1-2-1024x681.jpg\" data-ratio=\"1.5037593984962\" data-height=\"399\" data-width=\"600\" aria-label=\"\" data-rl_caption=\"\">\n                            <\/a>\n            <\/div>\n<\/div>\n<hr \/>\n<\/div>\n","protected":false},"excerpt":{"rendered":"<p>PRESENTACI\u00d3 TRACA I MOCADOR 2015 Amb Brad Fisher al Roc35 Barcelona El passat 23 de mar\u00e7 2017 v\u00e0rem presentar el nou TRACA I MOCADOR 2015 a l&#8217;espai Gastron\u00f2mic Roc35 de Barcelona. Va ser una trobada per a \u00a0gaudir d&#8217;un vespre envoltats d&#8217;Amistat, Moda, Art i Vins. Brad<\/p>\n","protected":false},"author":5,"featured_media":1537,"comment_status":"closed","ping_status":"closed","sticky":false,"template":"","format":"standard","meta":{"footnotes":""},"categories":[70,62,122,33,27,90],"tags":[91,215],"class_list":["post-1554","post","type-post","status-publish","format-standard","has-post-thumbnail","hentry","category-comprar-vins-montsant-en","category-vins-del-priorat-en","category-traca-i-mocador-en","category-vinos-montsant-en","category-vins-do-montsant-en","category-vins-montsant-mas-de-les-vinyes-en","tag-traca-i-mocador-en","tag-traca-i-mocador-2015-en"],"_links":{"self":[{"href":"https:\/\/www.masdelesvinyes.com\/en\/wp-json\/wp\/v2\/posts\/1554","targetHints":{"allow":["GET"]}}],"collection":[{"href":"https:\/\/www.masdelesvinyes.com\/en\/wp-json\/wp\/v2\/posts"}],"about":[{"href":"https:\/\/www.masdelesvinyes.com\/en\/wp-json\/wp\/v2\/types\/post"}],"author":[{"embeddable":true,"href":"https:\/\/www.masdelesvinyes.com\/en\/wp-json\/wp\/v2\/users\/5"}],"replies":[{"embeddable":true,"href":"https:\/\/www.masdelesvinyes.com\/en\/wp-json\/wp\/v2\/comments?post=1554"}],"version-history":[{"count":5,"href":"https:\/\/www.masdelesvinyes.com\/en\/wp-json\/wp\/v2\/posts\/1554\/revisions"}],"predecessor-version":[{"id":1569,"href":"https:\/\/www.masdelesvinyes.com\/en\/wp-json\/wp\/v2\/posts\/1554\/revisions\/1569"}],"wp:featuredmedia":[{"embeddable":true,"href":"https:\/\/www.masdelesvinyes.com\/en\/wp-json\/wp\/v2\/media\/1537"}],"wp:attachment":[{"href":"https:\/\/www.masdelesvinyes.com\/en\/wp-json\/wp\/v2\/media?parent=1554"}],"wp:term":[{"taxonomy":"category","embeddable":true,"href":"https:\/\/www.masdelesvinyes.com\/en\/wp-json\/wp\/v2\/categories?post=1554"},{"taxonomy":"post_tag","embeddable":true,"href":"https:\/\/www.masdelesvinyes.com\/en\/wp-json\/wp\/v2\/tags?post=1554"}],"curies":[{"name":"wp","href":"https:\/\/api.w.org\/{rel}","templated":true}]}}